{"id":1445,"date":"2017-05-30T20:00:10","date_gmt":"2017-05-30T20:00:10","guid":{"rendered":"http:\/\/epxsantiago.org\/?p=1445"},"modified":"2017-06-15T14:41:55","modified_gmt":"2017-06-15T14:41:55","slug":"matricula-curso-2017-2018","status":"publish","type":"post","link":"https:\/\/epxsantiago.org\/index.php\/archivos\/1445","title":{"rendered":"Matr\u00edcula curso 2017-2018"},"content":{"rendered":"<p>[et_pb_section admin_label=\u00bbsection\u00bb bb_built=\u00bb1&#8243;][et_pb_row admin_label=\u00bbrow\u00bb][et_pb_column type=\u00bb4_4&#8243;][et_pb_text admin_label=\u00bbTexto\u00bb background_layout=\u00bblight\u00bb text_orientation=\u00bbjustified\u00bb use_border_color=\u00bboff\u00bb border_color=\u00bb#ffffff\u00bb border_style=\u00bbsolid\u00bb header_font_size=\u00bb28px\u00bb]<\/p>\n<p>O prazo de matr\u00edcula do M\u00e1ster Universitario en Avogac\u00eda para o curso 2017-18 \u00a0est\u00e1 pendente de aprobaci\u00f3n pola Universidade. Previsiblemente ser\u00e1 en datas similares ao curso anterior, polo que os interesados \u00e9 importante que est\u00e9n atentos a partires dos primeiros d\u00edas do mes de xullo de 2017.<\/p>\n<p>Polo momento, s\u00f3 est\u00e1 aberto o prazo de\u00a0<a href=\"http:\/\/www.usc.es\/es\/servizos\/oiu\/modules\/news2\/news_0286.html\">matr\u00edcula anticipada para alumnado con estudios ajenos al EEES<\/a>\u00a0(ata 31 de maio de 2017)<\/p>\n<p>O alumnado que desexe cursar este m\u00e1ster\u00a0pode atopar toda a informaci\u00f3n, adem\u00e1is de nesta p\u00e1xina (<a href=\"http:\/\/www.epxsantiago.org\">www.epxsantiago.org<\/a>) en:<\/p>\n<p><a href=\"http:\/\/www.usc.es\/masteres\/es\/masteres\/admision-criterios-especificos\">http:\/\/www.usc.es\/masteres\/gl<\/a><a href=\"http:\/\/www.usc.es\/masteres\/gl\/masteres\/admision-criterios-especificos\">\/masteres\/admision-criterios-especificos<\/a><\/p>\n<p><a href=\"http:\/\/www.usc.es\/masteres\/gl\/masteres\/ciencias-sociais-xuridicas\/avogacia-santiago\">http:\/\/www.usc.es\/masteres\/gl\/masteres\/ciencias-sociales-juridicas\/abogacia-santiago<\/a><\/p>\n<p><a href=\"http:\/\/www.usc.es\/gl\/centros\/dereito\/titulacions.html?plan=14745&amp;estudio=14746&amp;codEstudio=14246&amp;valor=9\">http:\/\/www.usc.es\/es\/centros\/dereito\/titulacions.html?plan=14745&amp;estudio=14746&amp;codEstudio=14246&amp;valor=9<\/a><\/p>\n<p>[\/et_pb_text][\/et_pb_column][\/et_pb_row][\/et_pb_section]<\/p>\n","protected":false},"excerpt":{"rendered":"<p>O prazo de matr\u00edcula do MUA curso 2017-18  abrirase a comenzo do mes de xullo de 2017<\/p>\n","protected":false},"author":1,"featured_media":2187,"comment_status":"open","ping_status":"open","sticky":false,"template":"","format":"standard","meta":{"_et_pb_use_builder":"on","_et_pb_old_content":"","_et_gb_content_width":"","footnotes":""},"categories":[1],"tags":[],"class_list":["post-1445","post","type-post","status-publish","format-standard","has-post-thumbnail","hentry","category-sin-categoria"],"_links":{"self":[{"href":"https:\/\/epxsantiago.org\/index.php\/wp-json\/wp\/v2\/posts\/1445","targetHints":{"allow":["GET"]}}],"collection":[{"href":"https:\/\/epxsantiago.org\/index.php\/wp-json\/wp\/v2\/posts"}],"about":[{"href":"https:\/\/epxsantiago.org\/index.php\/wp-json\/wp\/v2\/types\/post"}],"author":[{"embeddable":true,"href":"https:\/\/epxsantiago.org\/index.php\/wp-json\/wp\/v2\/users\/1"}],"replies":[{"embeddable":true,"href":"https:\/\/epxsantiago.org\/index.php\/wp-json\/wp\/v2\/comments?post=1445"}],"version-history":[{"count":14,"href":"https:\/\/epxsantiago.org\/index.php\/wp-json\/wp\/v2\/posts\/1445\/revisions"}],"predecessor-version":[{"id":2298,"href":"https:\/\/epxsantiago.org\/index.php\/wp-json\/wp\/v2\/posts\/1445\/revisions\/2298"}],"wp:featuredmedia":[{"embeddable":true,"href":"https:\/\/epxsantiago.org\/index.php\/wp-json\/wp\/v2\/media\/2187"}],"wp:attachment":[{"href":"https:\/\/epxsantiago.org\/index.php\/wp-json\/wp\/v2\/media?parent=1445"}],"wp:term":[{"taxonomy":"category","embeddable":true,"href":"https:\/\/epxsantiago.org\/index.php\/wp-json\/wp\/v2\/categories?post=1445"},{"taxonomy":"post_tag","embeddable":true,"href":"https:\/\/epxsantiago.org\/index.php\/wp-json\/wp\/v2\/tags?post=1445"}],"curies":[{"name":"wp","href":"https:\/\/api.w.org\/{rel}","templated":true}]}}