{"id":215,"date":"2015-07-07T11:44:34","date_gmt":"2015-07-07T11:44:34","guid":{"rendered":"http:\/\/www.epxsantiago.org\/?p=215"},"modified":"2015-07-07T11:44:34","modified_gmt":"2015-07-07T11:44:34","slug":"prazo-matricula-continuacion-de-estudos-no-master-avogacia-2015-17-aberto","status":"publish","type":"post","link":"https:\/\/epxsantiago.org\/index.php\/archivos\/215","title":{"rendered":"Prazo matr\u00edcula CONTINUACI\u00d3N de estudos no Master Avogac\u00eda 2015-17 aberto"},"content":{"rendered":"<p>Xa est\u00e1 aberto o prazo para solicitar praza de continuaci\u00f3n de estudos no M\u00e1ster Universitario en Avogac\u00eda para o curso 2015-17 dende o <strong>7 de xullo ao 3 de setembro de 2015<\/strong>.<\/p>\n<p>Os alumnos e alumnas que desexen cursar este m\u00e1ster durante o curso\u00a0<strong>2015-2016<\/strong>\u00a0deber\u00e1n consignar os datos para a matr\u00edcula na Secretar\u00eda Virtual da USC, a trav\u00e9s da p\u00e1xina <a href=\"http:\/\/www.usc.es\/matricula\" target=\"_blank\">http:\/\/www.usc.es\/matricula<\/a> (secci\u00f3n \u00abm\u00e1ster universitario\u00bb &gt;admisi\u00f3n e matr\u00edcula), no seguinte prazo:\u00a0<strong>do 7 de xullo ao 7 de setembro de 201<\/strong>5.<\/p>\n","protected":false},"excerpt":{"rendered":"<p>Xa est\u00e1 aberto o prazo para solicitar praza de continuaci\u00f3n de estudos no M\u00e1ster Universitario en Avogac\u00eda para o curso 2015-17 dende o 7 de xullo ao 3 de setembro de 2015. Os alumnos e alumnas que desexen cursar este m\u00e1ster durante o curso\u00a02015-2016\u00a0deber\u00e1n consignar os datos para a matr\u00edcula na Secretar\u00eda Virtual da USC, [&hellip;]<\/p>\n","protected":false},"author":1,"featured_media":0,"comment_status":"open","ping_status":"open","sticky":false,"template":"","format":"standard","meta":{"_et_pb_use_builder":"","_et_pb_old_content":"","_et_gb_content_width":"","footnotes":""},"categories":[1],"tags":[],"class_list":["post-215","post","type-post","status-publish","format-standard","hentry","category-sin-categoria"],"_links":{"self":[{"href":"https:\/\/epxsantiago.org\/index.php\/wp-json\/wp\/v2\/posts\/215","targetHints":{"allow":["GET"]}}],"collection":[{"href":"https:\/\/epxsantiago.org\/index.php\/wp-json\/wp\/v2\/posts"}],"about":[{"href":"https:\/\/epxsantiago.org\/index.php\/wp-json\/wp\/v2\/types\/post"}],"author":[{"embeddable":true,"href":"https:\/\/epxsantiago.org\/index.php\/wp-json\/wp\/v2\/users\/1"}],"replies":[{"embeddable":true,"href":"https:\/\/epxsantiago.org\/index.php\/wp-json\/wp\/v2\/comments?post=215"}],"version-history":[{"count":0,"href":"https:\/\/epxsantiago.org\/index.php\/wp-json\/wp\/v2\/posts\/215\/revisions"}],"wp:attachment":[{"href":"https:\/\/epxsantiago.org\/index.php\/wp-json\/wp\/v2\/media?parent=215"}],"wp:term":[{"taxonomy":"category","embeddable":true,"href":"https:\/\/epxsantiago.org\/index.php\/wp-json\/wp\/v2\/categories?post=215"},{"taxonomy":"post_tag","embeddable":true,"href":"https:\/\/epxsantiago.org\/index.php\/wp-json\/wp\/v2\/tags?post=215"}],"curies":[{"name":"wp","href":"https:\/\/api.w.org\/{rel}","templated":true}]}}