{"id":2202,"date":"2017-06-01T16:46:53","date_gmt":"2017-06-01T16:46:53","guid":{"rendered":"http:\/\/epxsantiago.org\/?p=2202"},"modified":"2017-06-01T17:31:38","modified_gmt":"2017-06-01T17:31:38","slug":"xxxvi-xornadas-de-escolas-de-practica-xuridica","status":"publish","type":"post","link":"https:\/\/epxsantiago.org\/index.php\/archivos\/2202","title":{"rendered":"XXXVI XORNADAS DE ESCOLAS DE PR\u00c1CTICA XUR\u00cdDICA"},"content":{"rendered":"<p>[et_pb_section admin_label=\u00bbsection\u00bb bb_built=\u00bb1&#8243;][et_pb_row admin_label=\u00bbrow\u00bb][et_pb_column type=\u00bb4_4&#8243;][et_pb_text admin_label=\u00bbTexto\u00bb background_layout=\u00bblight\u00bb text_orientation=\u00bbjustified\u00bb use_border_color=\u00bboff\u00bb border_color=\u00bb#ffffff\u00bb border_style=\u00bbsolid\u00bb header_font_size=\u00bb28px\u00bb]<\/p>\n<p><strong>XXXVI XORNADAS DE ESCOLAS DE PR\u00c1CTICA XUR\u00cdDICA<\/strong><\/p>\n<p>Os responsables de formaci\u00f3n e direcci\u00f3n da Escola de Pr\u00e1ctica Xur\u00eddica de Santiago de Compostela participaron, os pasados 27 e 28 de abril, nas XXXVI Xornadas de Escolas de Pr\u00e1ctica Xur\u00eddica que tiveron lugar no Ilustre Colexio de Avogados de Santa Cruz de Tenerife; organizadas polo Consello Xeral da Avogac\u00eda Espa\u00f1ola, o Ilustre Colexio de Avogados e a Escola de Pr\u00e1ctica Xur\u00eddica de Santa Cruz de Tenerife.<\/p>\n<p>Coma todos os anos, nelas trat\u00e1ronse temas fundamentais para a formaci\u00f3n dos futuros letrados, analizando os aspectos m\u00e1is importantes para os cursos vindeiros.<\/p>\n<p>As\u00ed, o desenvolvemento das xornadas circunscrib\u00edronse a un programa cuxo contido base\u00e1base nos seguintes puntos: sistemas de acceso \u00e1 profesi\u00f3n (cursos formativos e proba de acceso), competencias tecnol\u00f3xicas no exercicio da profesi\u00f3n (competencias dixitais e Lexnet) e novas competencias no exercicio profesional (compliance, elaboraci\u00f3n de ditames, sistemas mixtos de resoluci\u00f3n de conflitos, e asesoramento en dereito estranxeiro).<\/p>\n<p><strong>Enlace ao programa:<\/strong><\/p>\n<p><a href=\"http:\/\/jornadasepj.es\/pdf\/programa-epj.pdf\">http:\/\/jornadasepj.es\/pdf\/programa-epj.pdf<\/a><\/p>\n<p><a href=\"http:\/\/epxsantiago.org\/programa_1\/\"><img loading=\"lazy\" decoding=\"async\" class=\"aligncenter size-large wp-image-2206\" src=\"http:\/\/epxsantiago.org\/wp-content\/uploads\/2017\/06\/programa_1-1024x720.jpg\" alt=\"\" width=\"1024\" height=\"720\" srcset=\"https:\/\/epxsantiago.org\/wp-content\/uploads\/2017\/06\/programa_1-1024x720.jpg 1024w, https:\/\/epxsantiago.org\/wp-content\/uploads\/2017\/06\/programa_1-300x211.jpg 300w, https:\/\/epxsantiago.org\/wp-content\/uploads\/2017\/06\/programa_1-768x540.jpg 768w, https:\/\/epxsantiago.org\/wp-content\/uploads\/2017\/06\/programa_1-1080x760.jpg 1080w\" sizes=\"auto, (max-width: 1024px) 100vw, 1024px\" \/><\/a><\/p>\n<p><a href=\"http:\/\/epxsantiago.org\/programa_2\/\"><img loading=\"lazy\" decoding=\"async\" class=\"aligncenter size-large wp-image-2207\" src=\"http:\/\/epxsantiago.org\/wp-content\/uploads\/2017\/06\/programa_2-1024x723.jpg\" alt=\"\" width=\"1024\" height=\"723\" srcset=\"https:\/\/epxsantiago.org\/wp-content\/uploads\/2017\/06\/programa_2-1024x723.jpg 1024w, https:\/\/epxsantiago.org\/wp-content\/uploads\/2017\/06\/programa_2-300x212.jpg 300w, https:\/\/epxsantiago.org\/wp-content\/uploads\/2017\/06\/programa_2-768x542.jpg 768w, https:\/\/epxsantiago.org\/wp-content\/uploads\/2017\/06\/programa_2-1080x762.jpg 1080w, https:\/\/epxsantiago.org\/wp-content\/uploads\/2017\/06\/programa_2.jpg 1824w\" sizes=\"auto, (max-width: 1024px) 100vw, 1024px\" \/><\/a><\/p>\n<p>[\/et_pb_text][\/et_pb_column][\/et_pb_row][\/et_pb_section]<\/p>\n","protected":false},"excerpt":{"rendered":"<p>Os pasados 27 e 28 de abril a direcci\u00f3n da EPX de Santiago de Compostela acudiu as XXXVI Xornadas de Escolas de Pr\u00e1ctica Xur\u00eddica que se celebraron en Santa Cruz de Tenerife, onde se analizaron os aspectos m\u00e1is importantes dos cursos de formaci\u00f3n de futuros avogados e as probas de avaliaci\u00f3n. Asemade, foron tratados temas actuais como a formaci\u00f3n dos profesionais nas competencias tecnol\u00f3xicas.<\/p>\n","protected":false},"author":1,"featured_media":2210,"comment_status":"open","ping_status":"open","sticky":false,"template":"","format":"standard","meta":{"_et_pb_use_builder":"on","_et_pb_old_content":"","_et_gb_content_width":"","footnotes":""},"categories":[1],"tags":[],"class_list":["post-2202","post","type-post","status-publish","format-standard","has-post-thumbnail","hentry","category-sin-categoria"],"_links":{"self":[{"href":"https:\/\/epxsantiago.org\/index.php\/wp-json\/wp\/v2\/posts\/2202","targetHints":{"allow":["GET"]}}],"collection":[{"href":"https:\/\/epxsantiago.org\/index.php\/wp-json\/wp\/v2\/posts"}],"about":[{"href":"https:\/\/epxsantiago.org\/index.php\/wp-json\/wp\/v2\/types\/post"}],"author":[{"embeddable":true,"href":"https:\/\/epxsantiago.org\/index.php\/wp-json\/wp\/v2\/users\/1"}],"replies":[{"embeddable":true,"href":"https:\/\/epxsantiago.org\/index.php\/wp-json\/wp\/v2\/comments?post=2202"}],"version-history":[{"count":3,"href":"https:\/\/epxsantiago.org\/index.php\/wp-json\/wp\/v2\/posts\/2202\/revisions"}],"predecessor-version":[{"id":2217,"href":"https:\/\/epxsantiago.org\/index.php\/wp-json\/wp\/v2\/posts\/2202\/revisions\/2217"}],"wp:featuredmedia":[{"embeddable":true,"href":"https:\/\/epxsantiago.org\/index.php\/wp-json\/wp\/v2\/media\/2210"}],"wp:attachment":[{"href":"https:\/\/epxsantiago.org\/index.php\/wp-json\/wp\/v2\/media?parent=2202"}],"wp:term":[{"taxonomy":"category","embeddable":true,"href":"https:\/\/epxsantiago.org\/index.php\/wp-json\/wp\/v2\/categories?post=2202"},{"taxonomy":"post_tag","embeddable":true,"href":"https:\/\/epxsantiago.org\/index.php\/wp-json\/wp\/v2\/tags?post=2202"}],"curies":[{"name":"wp","href":"https:\/\/api.w.org\/{rel}","templated":true}]}}