{"id":2558,"date":"2018-03-12T12:03:08","date_gmt":"2018-03-12T12:03:08","guid":{"rendered":"http:\/\/epxsantiago.org\/?p=2558"},"modified":"2018-06-14T12:32:02","modified_gmt":"2018-06-14T12:32:02","slug":"acto-fin-de-master-v-promocion-2016-18","status":"publish","type":"post","link":"https:\/\/epxsantiago.org\/index.php\/archivos\/2558","title":{"rendered":"Acto Fin de Master V Promocion (2016-18)"},"content":{"rendered":"<p>[et_pb_section admin_label=\u00bbsection\u00bb bb_built=\u00bb1&#8243;][et_pb_row admin_label=\u00bbrow\u00bb][et_pb_column type=\u00bb4_4&#8243;][et_pb_text admin_label=\u00bbTexto\u00bb background_layout=\u00bblight\u00bb text_orientation=\u00bbjustified\u00bb use_border_color=\u00bboff\u00bb border_color=\u00bb#ffffff\u00bb border_style=\u00bbsolid\u00bb header_font_size=\u00bb28px\u00bb]<\/p>\n<p>O reitor Juan Via\u00f1o presid\u00edu o venres 9 \u00e1s 20.00 horas no Sal\u00f3n Nobre do Colexio de Fonseca o acto de <strong>clausura da quinta promoci\u00f3n do M\u00e1ster Universitario en <\/strong><a href=\"http:\/\/www.usc.es\/masteres\/gl\/masteres\/ciencias-sociais-xuridicas\/avogacia-santiago\"><strong>Avogac\u00eda<\/strong><\/a> (2016-2018) impartido pola USC e\u00a0 o Colexio de Avogados de Santiago coa colaboraci\u00f3n da Escola de Pr\u00e1ctica Xur\u00eddica. Na sesi\u00f3n tam\u00e9n participaron o decano da Facultade de Dereito, Gumersindo Guinarte; o fiscal superior de Galicia, Fernando Suanzes P\u00e9rez; o presidente do Tribunal Superior de Xustiza de Galicia, Miguel \u00c1ngel Cadenas Sobreira; o decano do Colexio de Avogados de Santiago, Francisco Rabu\u00f1al Mosquera; o decano do Colexio de Procuradores de Santiago, Fernando Gonz\u00e1lez-Concheiro \u00c1lvares;\u00a0 e o director da Escola de Pr\u00e1ctica Xur\u00eddica, Lotario Vilaboy Lois. Ao acto asistiron m\u00e1is de 300 persoas entre alumnado da promoci\u00f3n, autoridades, profesorado, profesionais e familiares.<\/p>\n<p>Logo da intervenci\u00f3n dunha representaci\u00f3n da promoci\u00f3n, f\u00edxose un reco\u00f1ecemento p\u00fablico \u00e1s instituci\u00f3ns e profesionais que colaboran nas actividades formativas da Escola coa entrega de diplomas acreditativos de titores de pr\u00e1cticas externas, tanto aos do grao en Dereito como aos do propio M\u00e1ster en administraci\u00f3ns p\u00fablicas, \u00f3rganos xudiciais e despachos legais. Tam\u00e9n se entregou un agasallo de reco\u00f1ecemento \u00e1s instituci\u00f3ns e profesionais colaboradores que ve\u00f1en prestando dende hai tempo a s\u00faa colaboraci\u00f3n.<\/p>\n<p><a href=\"http:\/\/epxsantiago.org\/acto-fin-de-master-v-promocion-2016-18\/collage2\/\" rel=\"attachment wp-att-2567\"><img loading=\"lazy\" decoding=\"async\" class=\"aligncenter size-large wp-image-2567\" src=\"http:\/\/vw15221.dinaserver.com\/hosting\/epxsantiago.org-web\/wp-content\/uploads\/2018\/03\/collage2-1024x1024.jpg\" alt=\"\" width=\"1024\" height=\"1024\" srcset=\"https:\/\/epxsantiago.org\/wp-content\/uploads\/2018\/03\/collage2-1024x1024.jpg 1024w, https:\/\/epxsantiago.org\/wp-content\/uploads\/2018\/03\/collage2-150x150.jpg 150w, https:\/\/epxsantiago.org\/wp-content\/uploads\/2018\/03\/collage2-300x300.jpg 300w, https:\/\/epxsantiago.org\/wp-content\/uploads\/2018\/03\/collage2-768x768.jpg 768w, https:\/\/epxsantiago.org\/wp-content\/uploads\/2018\/03\/collage2-1080x1080.jpg 1080w, https:\/\/epxsantiago.org\/wp-content\/uploads\/2018\/03\/collage2.jpg 1200w\" sizes=\"auto, (max-width: 1024px) 100vw, 1024px\" \/><\/a><\/p>\n<p>Da nova fixeronse eco numerosos medios entre eles:<\/p>\n<p><a href=\"https:\/\/www.lavozdegalicia.es\/noticia\/santiago\/santiago\/2018\/03\/10\/quinta-promocion-master-avogacia\/0003_201803S10C119914.htm\">https:\/\/www.lavozdegalicia.es\/noticia\/santiago\/santiago\/2018\/03\/10\/quinta-promocion-master-avogacia\/0003_201803S10C119914.htm<\/a><\/p>\n<p><a href=\"http:\/\/xornal.usc.es\/xornal\/acontece\/2018_03\/noticia_0036.html\">http:\/\/xornal.usc.es\/xornal\/acontece\/2018_03\/noticia_0036.html<\/a><\/p>\n<p><a href=\"https:\/\/www.compostela24horas.com\/texto-diario\/mostrar\/1025666\/master-abogacia-despide-viernes-quinta-promocion\">https:\/\/www.compostela24horas.com\/texto-diario\/mostrar\/1025666\/master-abogacia-despide-viernes-quinta-promocion<\/a><\/p>\n<p>&nbsp;<\/p>\n<p>[\/et_pb_text][\/et_pb_column][\/et_pb_row][\/et_pb_section]<\/p>\n","protected":false},"excerpt":{"rendered":"<p>O M\u00e1ster en Avogac\u00eda de Santiago desped\u00edu o venres 9 de marzo de 2018 a s\u00faa quinta promoci\u00f3n no Sal\u00f3n Nobre do Colexio de Fonseca<\/p>\n","protected":false},"author":1,"featured_media":2568,"comment_status":"open","ping_status":"open","sticky":false,"template":"","format":"standard","meta":{"_et_pb_use_builder":"on","_et_pb_old_content":"","_et_gb_content_width":"","footnotes":""},"categories":[1],"tags":[],"class_list":["post-2558","post","type-post","status-publish","format-standard","has-post-thumbnail","hentry","category-sin-categoria"],"_links":{"self":[{"href":"https:\/\/epxsantiago.org\/index.php\/wp-json\/wp\/v2\/posts\/2558","targetHints":{"allow":["GET"]}}],"collection":[{"href":"https:\/\/epxsantiago.org\/index.php\/wp-json\/wp\/v2\/posts"}],"about":[{"href":"https:\/\/epxsantiago.org\/index.php\/wp-json\/wp\/v2\/types\/post"}],"author":[{"embeddable":true,"href":"https:\/\/epxsantiago.org\/index.php\/wp-json\/wp\/v2\/users\/1"}],"replies":[{"embeddable":true,"href":"https:\/\/epxsantiago.org\/index.php\/wp-json\/wp\/v2\/comments?post=2558"}],"version-history":[{"count":6,"href":"https:\/\/epxsantiago.org\/index.php\/wp-json\/wp\/v2\/posts\/2558\/revisions"}],"predecessor-version":[{"id":2572,"href":"https:\/\/epxsantiago.org\/index.php\/wp-json\/wp\/v2\/posts\/2558\/revisions\/2572"}],"wp:featuredmedia":[{"embeddable":true,"href":"https:\/\/epxsantiago.org\/index.php\/wp-json\/wp\/v2\/media\/2568"}],"wp:attachment":[{"href":"https:\/\/epxsantiago.org\/index.php\/wp-json\/wp\/v2\/media?parent=2558"}],"wp:term":[{"taxonomy":"category","embeddable":true,"href":"https:\/\/epxsantiago.org\/index.php\/wp-json\/wp\/v2\/categories?post=2558"},{"taxonomy":"post_tag","embeddable":true,"href":"https:\/\/epxsantiago.org\/index.php\/wp-json\/wp\/v2\/tags?post=2558"}],"curies":[{"name":"wp","href":"https:\/\/api.w.org\/{rel}","templated":true}]}}