{"id":2588,"date":"2018-06-01T13:24:59","date_gmt":"2018-06-01T13:24:59","guid":{"rendered":"http:\/\/epxsantiago.org\/?p=2588"},"modified":"2018-06-18T16:05:22","modified_gmt":"2018-06-18T16:05:22","slug":"matricula-curso-2018-2019","status":"publish","type":"post","link":"https:\/\/epxsantiago.org\/index.php\/archivos\/2588","title":{"rendered":"MATRICULA Curso 2018-2019"},"content":{"rendered":"<p>[et_pb_section admin_label=\u00bbsection\u00bb bb_built=\u00bb1&#8243;][et_pb_row admin_label=\u00bbrow\u00bb][et_pb_column type=\u00bb4_4&#8243;][et_pb_text admin_label=\u00bbTexto\u00bb background_layout=\u00bblight\u00bb text_orientation=\u00bbjustified\u00bb use_border_color=\u00bboff\u00bb border_color=\u00bb#ffffff\u00bb border_style=\u00bbsolid\u00bb header_font_size=\u00bb28px\u00bb]<\/p>\n<p>Aberto o prazo de solicitude de praza do M\u00e1ster Universitario en Avogac\u00eda para o curso 2018-19.<\/p>\n<h2><strong>ADMISI\u00d3N E MATR\u00cdCULA:<\/strong><\/h2>\n<p>Solicitude de praza:<\/p>\n<ul>\n<li><strong>do 1 de xu\u00f1o ao 20 de xullo de 2018<br \/>\n<\/strong><\/li>\n<\/ul>\n<p><strong>\u00a0<\/strong>Publicaci\u00f3n de admitidos:<\/p>\n<ul>\n<li><strong>27 de xullo de 2018<br \/>\n<\/strong><\/li>\n<\/ul>\n<p>Matr\u00edcula de admitidos:<\/p>\n<ul>\n<li><strong>\u00a0 do 30 de xullo ao 1 de agosto de 2018<br \/>\n<\/strong><\/li>\n<\/ul>\n<p><span style=\"color: #ff0000;\">NOTA IMPORTANTE:\u00a0<\/span> \u00bb <em>O alumnado da USC matriculado no curso acad\u00e9mico 2017\/18<\/em> que estea en condici\u00f3ns de rematar os estudos que lle dean acceso ao m\u00e1ster na convocatoria de xullo, poder\u00e1 solicitar a admisi\u00f3n e no seu caso matricularse sen ter feito o dep\u00f3sito de t\u00edtulo. Esta matr\u00edcula estar\u00e1 condicionada a que aboen os dereitos de expedici\u00f3n do t\u00edtulo de acceso coa data l\u00edmite do 10 de agosto de 2018. Para os efectos de adxudicaci\u00f3n de prazas nos m\u00e1steres con criterios xerais e espec\u00edficos, a nota media do expediente dos alumnos da USC aos que se refire o par\u00e1grafo anterior, se actualizar\u00e1 automaticamente con data de 20 de xullo\u201d.<\/p>\n<p>Comezo das clases:<\/p>\n<ul>\n<li><strong>10 de setembro de 2018<\/strong><\/li>\n<\/ul>\n<p>Haber\u00e1 sesi\u00f3ns informativas nas instalaci\u00f3ns da Escola de Pr\u00e1ctica Xur\u00eddica os d\u00edas:<\/p>\n<p>5, 12, 19 e 26 de xu\u00f1o, \u00e1s 13:00 horas<\/p>\n<p>3, 10, 17, 24 e 31 de xullo, \u00e1s 13:00 horas<\/p>\n<p>21 e 28 de agosto, \u00e1s 13:00 horas<\/p>\n<p>O alumnado que desexe cursar este m\u00e1ster\u00a0pode atopar toda a informaci\u00f3n, adem\u00e1is de nesta p\u00e1xina (<a href=\"http:\/\/www.epxsantiago.org\/\">www.epxsantiago.org<\/a>) en:<\/p>\n<p><a href=\"http:\/\/www.usc.es\/masteres\/es\/masteres\/admision-criterios-especificos\">http:\/\/www.usc.es\/masteres\/gl<\/a><a href=\"http:\/\/www.usc.es\/masteres\/gl\/masteres\/admision-criterios-especificos\">\/masteres\/admision-criterios-especificos<\/a><\/p>\n<p><a href=\"http:\/\/www.usc.es\/masteres\/gl\/masteres\/ciencias-sociais-xuridicas\/avogacia-santiago\">http:\/\/www.usc.es\/masteres\/gl\/masteres\/ciencias-sociales-juridicas\/abogacia-santiago<\/a><\/p>\n<p><a href=\"http:\/\/www.usc.es\/gl\/centros\/dereito\/titulacions.html?plan=14745&amp;estudio=14746&amp;codEstudio=14246&amp;valor=9&amp;orde=true&amp;ano=68\">http:\/\/www.usc.es\/es\/centros\/dereito\/titulacions.html?plan=14745&amp;estudio=14746&amp;codEstudio=14246&amp;valor=9<\/a><\/p>\n<p><a href=\"http:\/\/epxsantiago.org\/matricula-curso-2018-2019\/2017-2019-santiago-cartel-matricula-bienio\/\" rel=\"attachment wp-att-2782\"><img loading=\"lazy\" decoding=\"async\" class=\"aligncenter size-large wp-image-2782\" src=\"http:\/\/vw15221.dinaserver.com\/hosting\/epxsantiago.org-web\/wp-content\/uploads\/2018\/06\/2017-2019.-Santiago-Cartel-matricula-Bienio-708x1024.jpg\" alt=\"\" width=\"708\" height=\"1024\" srcset=\"https:\/\/epxsantiago.org\/wp-content\/uploads\/2018\/06\/2017-2019.-Santiago-Cartel-matricula-Bienio-708x1024.jpg 708w, https:\/\/epxsantiago.org\/wp-content\/uploads\/2018\/06\/2017-2019.-Santiago-Cartel-matricula-Bienio-207x300.jpg 207w, https:\/\/epxsantiago.org\/wp-content\/uploads\/2018\/06\/2017-2019.-Santiago-Cartel-matricula-Bienio-768x1111.jpg 768w, https:\/\/epxsantiago.org\/wp-content\/uploads\/2018\/06\/2017-2019.-Santiago-Cartel-matricula-Bienio-1080x1563.jpg 1080w\" sizes=\"auto, (max-width: 708px) 100vw, 708px\" \/><\/a><\/p>\n<p>[\/et_pb_text][\/et_pb_column][\/et_pb_row][\/et_pb_section]<\/p>\n","protected":false},"excerpt":{"rendered":"<p>Aberto o prazo de solicitude de praza do M\u00e1ster Universitario en Avogac\u00eda do 1 de xu\u00f1o ao 20 de xullo para o curso 2018-19.<\/p>\n","protected":false},"author":1,"featured_media":2596,"comment_status":"open","ping_status":"open","sticky":false,"template":"","format":"standard","meta":{"_et_pb_use_builder":"on","_et_pb_old_content":"","_et_gb_content_width":"","footnotes":""},"categories":[1],"tags":[],"class_list":["post-2588","post","type-post","status-publish","format-standard","has-post-thumbnail","hentry","category-sin-categoria"],"_links":{"self":[{"href":"https:\/\/epxsantiago.org\/index.php\/wp-json\/wp\/v2\/posts\/2588","targetHints":{"allow":["GET"]}}],"collection":[{"href":"https:\/\/epxsantiago.org\/index.php\/wp-json\/wp\/v2\/posts"}],"about":[{"href":"https:\/\/epxsantiago.org\/index.php\/wp-json\/wp\/v2\/types\/post"}],"author":[{"embeddable":true,"href":"https:\/\/epxsantiago.org\/index.php\/wp-json\/wp\/v2\/users\/1"}],"replies":[{"embeddable":true,"href":"https:\/\/epxsantiago.org\/index.php\/wp-json\/wp\/v2\/comments?post=2588"}],"version-history":[{"count":6,"href":"https:\/\/epxsantiago.org\/index.php\/wp-json\/wp\/v2\/posts\/2588\/revisions"}],"predecessor-version":[{"id":2783,"href":"https:\/\/epxsantiago.org\/index.php\/wp-json\/wp\/v2\/posts\/2588\/revisions\/2783"}],"wp:featuredmedia":[{"embeddable":true,"href":"https:\/\/epxsantiago.org\/index.php\/wp-json\/wp\/v2\/media\/2596"}],"wp:attachment":[{"href":"https:\/\/epxsantiago.org\/index.php\/wp-json\/wp\/v2\/media?parent=2588"}],"wp:term":[{"taxonomy":"category","embeddable":true,"href":"https:\/\/epxsantiago.org\/index.php\/wp-json\/wp\/v2\/categories?post=2588"},{"taxonomy":"post_tag","embeddable":true,"href":"https:\/\/epxsantiago.org\/index.php\/wp-json\/wp\/v2\/tags?post=2588"}],"curies":[{"name":"wp","href":"https:\/\/api.w.org\/{rel}","templated":true}]}}