{"id":2949,"date":"2018-08-20T11:39:59","date_gmt":"2018-08-20T11:39:59","guid":{"rendered":"http:\/\/epxsantiago.org\/?p=2949"},"modified":"2018-08-27T12:12:43","modified_gmt":"2018-08-27T12:12:43","slug":"matricula-vacantes-curso-2018-19","status":"publish","type":"post","link":"https:\/\/epxsantiago.org\/index.php\/archivos\/2949","title":{"rendered":"MATRICULA VACANTES CURSO 2018-19"},"content":{"rendered":"<p>[et_pb_section admin_label=\u00bbsection\u00bb bb_built=\u00bb1&#8243;][et_pb_row admin_label=\u00bbrow\u00bb][et_pb_column type=\u00bb4_4&#8243;][et_pb_text admin_label=\u00bbTexto\u00bb background_layout=\u00bblight\u00bb text_orientation=\u00bbjustified\u00bb use_border_color=\u00bboff\u00bb border_color=\u00bb#ffffff\u00bb border_style=\u00bbsolid\u00bb header_font_size=\u00bb28px\u00bb]<\/p>\n<h1 style=\"text-align: center;\"><strong>PRAZAS VACANTES<\/strong><\/h1>\n<p style=\"text-align: center;\"><strong>MATR\u00cdCULA POR ORDE DE INSCRICI\u00d3N<\/strong><\/p>\n<p style=\"text-align: center;\"><a href=\"http:\/\/www.usc.es\/matricula\"><strong><em>http:\/\/www.usc.es\/matricula<\/em><\/strong><\/a><\/p>\n<p style=\"text-align: center;\"><strong>DATA L\u00cdMITE: 14 DE SETEMBRO<\/strong><\/p>\n<p>Comezo das clases:<\/p>\n<ul>\n<li><strong>10 de setembro de 2018<\/strong><\/li>\n<\/ul>\n<p>&nbsp;<\/p>\n<p>Seguir\u00e1 habendo sesi\u00f3ns informativas nas instalaci\u00f3ns da Escola de Pr\u00e1ctica Xur\u00eddica, as pr\u00f3ximas ser\u00e1n:<\/p>\n<p>21 e 28 de agosto, \u00e1s 13:00 horas<\/p>\n<p>&nbsp;<\/p>\n<p>O alumnado que desexe cursar este m\u00e1ster\u00a0pode atopar toda a informaci\u00f3n, adem\u00e1is de nesta p\u00e1xina (<a href=\"http:\/\/www.epxsantiago.org\/\">www.epxsantiago.org<\/a>) en:<\/p>\n<p><a href=\"http:\/\/www.usc.es\/masteres\/es\/masteres\/admision-criterios-especificos\">http:\/\/www.usc.es\/masteres\/gl<\/a><a href=\"http:\/\/www.usc.es\/masteres\/gl\/masteres\/admision-criterios-especificos\">\/masteres\/admision-criterios-especificos<\/a><\/p>\n<p><a href=\"http:\/\/www.usc.es\/masteres\/gl\/masteres\/ciencias-sociais-xuridicas\/avogacia-santiago\">http:\/\/www.usc.es\/masteres\/gl\/masteres\/ciencias-sociales-juridicas\/abogacia-santiago<\/a><\/p>\n<p><a href=\"http:\/\/www.usc.es\/gl\/centros\/dereito\/titulacions.html?plan=14745&amp;estudio=14746&amp;codEstudio=14246&amp;valor=9&amp;orde=true&amp;ano=69\">http:\/\/www.usc.es\/es\/centros\/dereito\/titulacions.html?plan=14745&amp;estudio=14746&amp;codEstudio=14246&amp;valor=9<\/a><\/p>\n<p>&nbsp;<\/p>\n<p>[\/et_pb_text][\/et_pb_column][\/et_pb_row][\/et_pb_section]<\/p>\n","protected":false},"excerpt":{"rendered":"<p>PRAZAS VACANTES <\/p>\n<p>Matr\u00edcula por orde de inscrici\u00f3n<\/p>\n<p>DATA L\u00cdMITE: 14 DE SETEMBRO<\/p>\n","protected":false},"author":1,"featured_media":2964,"comment_status":"open","ping_status":"open","sticky":false,"template":"","format":"standard","meta":{"_et_pb_use_builder":"on","_et_pb_old_content":"","_et_gb_content_width":"","footnotes":""},"categories":[1],"tags":[],"class_list":["post-2949","post","type-post","status-publish","format-standard","has-post-thumbnail","hentry","category-sin-categoria"],"_links":{"self":[{"href":"https:\/\/epxsantiago.org\/index.php\/wp-json\/wp\/v2\/posts\/2949","targetHints":{"allow":["GET"]}}],"collection":[{"href":"https:\/\/epxsantiago.org\/index.php\/wp-json\/wp\/v2\/posts"}],"about":[{"href":"https:\/\/epxsantiago.org\/index.php\/wp-json\/wp\/v2\/types\/post"}],"author":[{"embeddable":true,"href":"https:\/\/epxsantiago.org\/index.php\/wp-json\/wp\/v2\/users\/1"}],"replies":[{"embeddable":true,"href":"https:\/\/epxsantiago.org\/index.php\/wp-json\/wp\/v2\/comments?post=2949"}],"version-history":[{"count":10,"href":"https:\/\/epxsantiago.org\/index.php\/wp-json\/wp\/v2\/posts\/2949\/revisions"}],"predecessor-version":[{"id":2961,"href":"https:\/\/epxsantiago.org\/index.php\/wp-json\/wp\/v2\/posts\/2949\/revisions\/2961"}],"wp:featuredmedia":[{"embeddable":true,"href":"https:\/\/epxsantiago.org\/index.php\/wp-json\/wp\/v2\/media\/2964"}],"wp:attachment":[{"href":"https:\/\/epxsantiago.org\/index.php\/wp-json\/wp\/v2\/media?parent=2949"}],"wp:term":[{"taxonomy":"category","embeddable":true,"href":"https:\/\/epxsantiago.org\/index.php\/wp-json\/wp\/v2\/categories?post=2949"},{"taxonomy":"post_tag","embeddable":true,"href":"https:\/\/epxsantiago.org\/index.php\/wp-json\/wp\/v2\/tags?post=2949"}],"curies":[{"name":"wp","href":"https:\/\/api.w.org\/{rel}","templated":true}]}}