{"id":3057,"date":"2019-06-04T19:01:04","date_gmt":"2019-06-04T19:01:04","guid":{"rendered":"http:\/\/epxsantiago.org\/?p=3057"},"modified":"2019-07-24T11:35:39","modified_gmt":"2019-07-24T11:35:39","slug":"matricula-curso-2019-2020","status":"publish","type":"post","link":"https:\/\/epxsantiago.org\/index.php\/archivos\/3057","title":{"rendered":"EST\u00c1 ABERTA A MATR\u00cdCULA PARA O M\u00c1STER UNIVERSITARIO EN AVOGAC\u00cdA SANTIAGO"},"content":{"rendered":"<p>[et_pb_section fb_built=\u00bb1&#8243; admin_label=\u00bbsection\u00bb _builder_version=\u00bb3.22&#8243;][et_pb_row admin_label=\u00bbrow\u00bb _builder_version=\u00bb3.25&#8243; background_size=\u00bbinitial\u00bb background_position=\u00bbtop_left\u00bb background_repeat=\u00bbrepeat\u00bb][et_pb_column type=\u00bb4_4&#8243; _builder_version=\u00bb3.25&#8243; custom_padding=\u00bb|||\u00bb custom_padding__hover=\u00bb|||\u00bb][et_pb_text admin_label=\u00bbTexto\u00bb _builder_version=\u00bb3.26.3&#8243; header_font_size=\u00bb28px\u00bb background_size=\u00bbinitial\u00bb background_position=\u00bbtop_left\u00bb background_repeat=\u00bbrepeat\u00bb text_orientation=\u00bbjustified\u00bb use_border_color=\u00bboff\u00bb border_color=\u00bb#ffffff\u00bb border_style=\u00bbsolid\u00bb]<\/p>\n<p>Est\u00e1 aberto o prazo de solicitude de praza do M\u00e1ster Universitario en Avogac\u00eda para o curso 2019-20.<\/p>\n<h2><strong>ADMISI\u00d3N E MATR\u00cdCULA:<\/strong><\/h2>\n<p>Solicitude de praza:<\/p>\n<ul>\n<li><strong>do\u00a03 de xu\u00f1o ao\u00a019 de xullo de 2019<br \/><\/strong><\/li>\n<\/ul>\n<p><strong>\u00a0<\/strong>Publicaci\u00f3n de admitidos:<\/p>\n<ul>\n<li><strong>26 de xullo de 2019<br \/><\/strong><\/li>\n<\/ul>\n<p>Matr\u00edcula de admitidos:<\/p>\n<ul>\n<li><strong>\u00a0 do\u00a029 ao 31 de xullo de 2019<br \/><\/strong><\/li>\n<\/ul>\n<p>&nbsp;<\/p>\n<p><span style=\"color: #ff0000;\">NOTA IMPORTANTE:\u00a0<\/span> \u00bb O alumnado da USC matriculado no curso acad\u00e9mico 2018\/19 que estea en condici\u00f3ns de rematar os estudos que lle dean acceso ao m\u00e1ster na convocatoria de xullo, poder\u00e1 solicitar a admisi\u00f3n e no seu caso matricularse sen ter feito o dep\u00f3sito de t\u00edtulo. Esta matr\u00edcula estar\u00e1 condicionada a que aboen os dereitos de expedici\u00f3n do t\u00edtulo de acceso coa data l\u00edmite do 9 de agosto de 2019\u201d<\/p>\n<p>Comezo das clases:<\/p>\n<ul>\n<li><strong>9\u00a0de setembro de 2019<\/strong><\/li>\n<\/ul>\n<p>Haber\u00e1 sesi\u00f3ns informativas nas instalaci\u00f3ns da Escola de Pr\u00e1ctica Xur\u00eddica os d\u00edas:<\/p>\n<p>4, 11, 18 e 25 de xu\u00f1o, \u00e1s 14:00 horas<\/p>\n<p>2, 9, 16, 23 e 30 de xullo, \u00e1s 13:00 horas<\/p>\n<p>27 de agosto e 3 de setembro, \u00e1s 14:00 horas<\/p>\n<p>O alumnado que desexe cursar este m\u00e1ster\u00a0pode atopar toda a informaci\u00f3n, adem\u00e1is de nesta p\u00e1xina (<a href=\"http:\/\/www.epxsantiago.org\/\">www.epxsantiago.org<\/a>) en:<\/p>\n<p>&nbsp;<\/p>\n<p><a href=\"http:\/\/epxsantiago.org\/matricula-curso-2019-2020\/2019-2021-santiago-cartel-matricula\/\" rel=\"attachment wp-att-3058\"><img loading=\"lazy\" decoding=\"async\" class=\"aligncenter size-large wp-image-3058\" src=\"http:\/\/vw15221.dinaserver.com\/hosting\/epxsantiago.org-web\/wp-content\/uploads\/2019\/06\/2019-2021.-Santiago-Cartel-matricula-708x1024.jpg\" alt=\"\" width=\"708\" height=\"1024\" srcset=\"https:\/\/epxsantiago.org\/wp-content\/uploads\/2019\/06\/2019-2021.-Santiago-Cartel-matricula-708x1024.jpg 708w, https:\/\/epxsantiago.org\/wp-content\/uploads\/2019\/06\/2019-2021.-Santiago-Cartel-matricula-207x300.jpg 207w, https:\/\/epxsantiago.org\/wp-content\/uploads\/2019\/06\/2019-2021.-Santiago-Cartel-matricula-768x1111.jpg 768w, https:\/\/epxsantiago.org\/wp-content\/uploads\/2019\/06\/2019-2021.-Santiago-Cartel-matricula-1080x1563.jpg 1080w\" sizes=\"auto, (max-width: 708px) 100vw, 708px\" \/><\/a><\/p>\n<p>&nbsp;<\/p>\n<p>[\/et_pb_text][\/et_pb_column][\/et_pb_row][\/et_pb_section]<\/p>\n","protected":false},"excerpt":{"rendered":"<p> (do 3 de xu\u00f1o ao 19 de xullo de 2019)<\/p>\n","protected":false},"author":1,"featured_media":3059,"comment_status":"open","ping_status":"open","sticky":false,"template":"","format":"standard","meta":{"_et_pb_use_builder":"on","_et_pb_old_content":"","_et_gb_content_width":"","footnotes":""},"categories":[1],"tags":[],"class_list":["post-3057","post","type-post","status-publish","format-standard","has-post-thumbnail","hentry","category-sin-categoria"],"_links":{"self":[{"href":"https:\/\/epxsantiago.org\/index.php\/wp-json\/wp\/v2\/posts\/3057","targetHints":{"allow":["GET"]}}],"collection":[{"href":"https:\/\/epxsantiago.org\/index.php\/wp-json\/wp\/v2\/posts"}],"about":[{"href":"https:\/\/epxsantiago.org\/index.php\/wp-json\/wp\/v2\/types\/post"}],"author":[{"embeddable":true,"href":"https:\/\/epxsantiago.org\/index.php\/wp-json\/wp\/v2\/users\/1"}],"replies":[{"embeddable":true,"href":"https:\/\/epxsantiago.org\/index.php\/wp-json\/wp\/v2\/comments?post=3057"}],"version-history":[{"count":6,"href":"https:\/\/epxsantiago.org\/index.php\/wp-json\/wp\/v2\/posts\/3057\/revisions"}],"predecessor-version":[{"id":3486,"href":"https:\/\/epxsantiago.org\/index.php\/wp-json\/wp\/v2\/posts\/3057\/revisions\/3486"}],"wp:featuredmedia":[{"embeddable":true,"href":"https:\/\/epxsantiago.org\/index.php\/wp-json\/wp\/v2\/media\/3059"}],"wp:attachment":[{"href":"https:\/\/epxsantiago.org\/index.php\/wp-json\/wp\/v2\/media?parent=3057"}],"wp:term":[{"taxonomy":"category","embeddable":true,"href":"https:\/\/epxsantiago.org\/index.php\/wp-json\/wp\/v2\/categories?post=3057"},{"taxonomy":"post_tag","embeddable":true,"href":"https:\/\/epxsantiago.org\/index.php\/wp-json\/wp\/v2\/tags?post=3057"}],"curies":[{"name":"wp","href":"https:\/\/api.w.org\/{rel}","templated":true}]}}