{"id":312,"date":"2016-06-17T08:28:34","date_gmt":"2016-06-17T08:28:34","guid":{"rendered":"http:\/\/www.epxsantiago.org\/?p=312"},"modified":"2016-06-17T08:28:34","modified_gmt":"2016-06-17T08:28:34","slug":"master-universitario-en-avogacia","status":"publish","type":"post","link":"https:\/\/epxsantiago.org\/index.php\/archivos\/312","title":{"rendered":"V edici\u00f3n do M\u00c1STER UNIVERSITARIO EN AVOGAC\u00cdA curso 2016-17"},"content":{"rendered":"<p>55 P<a href=\"http:\/\/epxsantiago.org\/wp-content\/uploads\/2016\/06\/2016-2018-Santiago-Cartel-matrIcula.jpg\"><img loading=\"lazy\" decoding=\"async\" class=\" wp-image-477 size-medium alignleft\" src=\"http:\/\/epxsantiago.org\/wp-content\/uploads\/2016\/06\/2016-2018-Santiago-Cartel-matrIcula-207x300.jpg\" alt=\"2016-2018 Santiago Cartel matrIcula\" width=\"207\" height=\"300\" srcset=\"https:\/\/epxsantiago.org\/wp-content\/uploads\/2016\/06\/2016-2018-Santiago-Cartel-matrIcula-207x300.jpg 207w, https:\/\/epxsantiago.org\/wp-content\/uploads\/2016\/06\/2016-2018-Santiago-Cartel-matrIcula-768x1111.jpg 768w, https:\/\/epxsantiago.org\/wp-content\/uploads\/2016\/06\/2016-2018-Santiago-Cartel-matrIcula-708x1024.jpg 708w, https:\/\/epxsantiago.org\/wp-content\/uploads\/2016\/06\/2016-2018-Santiago-Cartel-matrIcula-1080x1562.jpg 1080w, https:\/\/epxsantiago.org\/wp-content\/uploads\/2016\/06\/2016-2018-Santiago-Cartel-matrIcula.jpg 1098w\" sizes=\"auto, (max-width: 207px) 100vw, 207px\" \/><\/a>RAZAS<\/p>\n<p>DURACI\u00d3N : 09\/2016 &#8211; 02\/2018<\/p>\n<p>INICIO CLASES: 12\/09\/2016<\/p>\n<p>* Haber\u00e1 dous grupos de aprox. 27-28 alumnos\/as-grupo. A existencia do segundo grupo queda condicionada a que te\u00f1a un m\u00ednimo de 22 matriculados; noutro caso haber\u00e1 un s\u00f3 grupo de 40 alumnos\/as.<\/p>\n<p>PRAZOS DE MATR\u00cdCULA: <a href=\"http:\/\/www.usc.es\/gl\/servizos\/oiu\/cm\/calm.html\" target=\"_blank\">Prazos (Admisi\u00f3n e matr\u00edcula)<\/a><\/p>\n<p>M\u00e1is informaci\u00f3n do t\u00edtulo universitario oficial:\u00a0 <a href=\"http:\/\/www.usc.es\/gl\/centros\/dereito\/titulacions.html?plan=14745&amp;estudio=14746&amp;codEstudio=14246&amp;valor=9&amp;orde=true&amp;ano=67\">M\u00e1ster en Avogac\u00eda de Santiago<\/a><\/p>\n","protected":false},"excerpt":{"rendered":"<p>55 PRAZAS DURACI\u00d3N : 09\/2016 &#8211; 02\/2018 INICIO CLASES: 12\/09\/2016 * Haber\u00e1 dous grupos de aprox. 27-28 alumnos\/as-grupo. A existencia do segundo grupo queda condicionada a que te\u00f1a un m\u00ednimo de 22 matriculados; noutro caso haber\u00e1 un s\u00f3 grupo de 40 alumnos\/as. PRAZOS DE MATR\u00cdCULA: Prazos (Admisi\u00f3n e matr\u00edcula) M\u00e1is informaci\u00f3n do t\u00edtulo universitario oficial:\u00a0 [&hellip;]<\/p>\n","protected":false},"author":1,"featured_media":0,"comment_status":"open","ping_status":"open","sticky":false,"template":"","format":"standard","meta":{"_et_pb_use_builder":"","_et_pb_old_content":"","_et_gb_content_width":"","footnotes":""},"categories":[1],"tags":[],"class_list":["post-312","post","type-post","status-publish","format-standard","hentry","category-sin-categoria"],"_links":{"self":[{"href":"https:\/\/epxsantiago.org\/index.php\/wp-json\/wp\/v2\/posts\/312","targetHints":{"allow":["GET"]}}],"collection":[{"href":"https:\/\/epxsantiago.org\/index.php\/wp-json\/wp\/v2\/posts"}],"about":[{"href":"https:\/\/epxsantiago.org\/index.php\/wp-json\/wp\/v2\/types\/post"}],"author":[{"embeddable":true,"href":"https:\/\/epxsantiago.org\/index.php\/wp-json\/wp\/v2\/users\/1"}],"replies":[{"embeddable":true,"href":"https:\/\/epxsantiago.org\/index.php\/wp-json\/wp\/v2\/comments?post=312"}],"version-history":[{"count":0,"href":"https:\/\/epxsantiago.org\/index.php\/wp-json\/wp\/v2\/posts\/312\/revisions"}],"wp:attachment":[{"href":"https:\/\/epxsantiago.org\/index.php\/wp-json\/wp\/v2\/media?parent=312"}],"wp:term":[{"taxonomy":"category","embeddable":true,"href":"https:\/\/epxsantiago.org\/index.php\/wp-json\/wp\/v2\/categories?post=312"},{"taxonomy":"post_tag","embeddable":true,"href":"https:\/\/epxsantiago.org\/index.php\/wp-json\/wp\/v2\/tags?post=312"}],"curies":[{"name":"wp","href":"https:\/\/api.w.org\/{rel}","templated":true}]}}