{"id":3511,"date":"2019-08-01T19:03:09","date_gmt":"2019-08-01T19:03:09","guid":{"rendered":"http:\/\/epxsantiago.org\/?p=3511"},"modified":"2020-02-06T12:00:25","modified_gmt":"2020-02-06T12:00:25","slug":"matricula-vacantes-curso-2019-20","status":"publish","type":"post","link":"https:\/\/epxsantiago.org\/index.php\/archivos\/3511","title":{"rendered":"MATR\u00cdCULA VACANTES CURSO 2019-20"},"content":{"rendered":"<p>[et_pb_section fb_built=\u00bb1&#8243; admin_label=\u00bbsection\u00bb _builder_version=\u00bb3.22&#8243;][et_pb_row admin_label=\u00bbrow\u00bb _builder_version=\u00bb3.25&#8243; background_size=\u00bbinitial\u00bb background_position=\u00bbtop_left\u00bb background_repeat=\u00bbrepeat\u00bb][et_pb_column type=\u00bb4_4&#8243; _builder_version=\u00bb3.25&#8243; custom_padding=\u00bb|||\u00bb custom_padding__hover=\u00bb|||\u00bb][et_pb_text admin_label=\u00bbTexto\u00bb _builder_version=\u00bb3.27.4&#8243; header_font_size=\u00bb28px\u00bb background_size=\u00bbinitial\u00bb background_position=\u00bbtop_left\u00bb background_repeat=\u00bbrepeat\u00bb text_orientation=\u00bbjustified\u00bb hover_enabled=\u00bb0&#8243; use_border_color=\u00bboff\u00bb border_color=\u00bb#ffffff\u00bb border_style=\u00bbsolid\u00bb]<\/p>\n<h1 style=\"text-align: center;\"><strong><img loading=\"lazy\" decoding=\"async\" width=\"1134\" height=\"720\" src=\"http:\/\/epxsantiago.org\/wp-content\/uploads\/2019\/08\/pantalla-TV-MUA-curso-19-20-Vacantes-1-agosto.jpg\" alt=\"\" class=\"size-medium alignnone\" \/><\/strong><\/h1>\n<h1 style=\"text-align: center;\"><strong><\/strong><\/h1>\n<h1 style=\"text-align: center;\"><strong><\/strong><\/h1>\n<h1 style=\"text-align: center;\"><strong><\/strong><\/h1>\n<h1 style=\"text-align: center;\"><strong><\/strong><\/h1>\n<h1 style=\"text-align: center;\"><strong><\/strong><\/h1>\n<h1 style=\"text-align: center;\"><strong><\/strong><\/h1>\n<h1 style=\"text-align: center;\"><strong>PRAZAS VACANTES<\/strong><\/h1>\n<p style=\"text-align: center;\"><strong><\/strong><\/p>\n<p style=\"text-align: center;\"><strong><\/strong><\/p>\n<p style=\"text-align: center;\"><strong>MATR\u00cdCULA POR ORDE DE INSCRICI\u00d3N<\/strong><\/p>\n<p style=\"text-align: justify;\"><strong><em><\/em><\/strong><\/p>\n<p style=\"text-align: justify;\"><strong><em><\/em><\/strong><\/p>\n<p style=\"text-align: justify; padding-left: 90px;\"><a href=\"http:\/\/www.usc.es\/matricula\" target=\"_blank\" data-saferedirecturl=\"https:\/\/www.google.com\/url?q=http:\/\/www.usc.es\/matricula&amp;source=gmail&amp;ust=1564769751889000&amp;usg=AFQjCNFx2P5-5vXwSzPHs5qcHN2qQEL_XA\" rel=\"noopener noreferrer\"><strong><em>http:\/\/www.usc.es\/matricula<\/em><\/strong><\/a><\/p>\n<p style=\"text-align: justify; padding-left: 90px;\"><strong><\/strong><\/p>\n<p style=\"text-align: justify; padding-left: 90px;\"><strong>DATA L\u00cdMITE: 13 DE SETEMBRO<\/strong><\/p>\n<p style=\"text-align: justify; padding-left: 90px;\">Comezo das clases: <strong><br \/> <\/strong><\/p>\n<p style=\"text-align: justify; padding-left: 90px;\"><strong>9 de setembro de 2019<\/strong><\/p>\n<p style=\"text-align: justify; padding-left: 90px;\">Seguir\u00e1 habendo sesi\u00f3ns informativas nas instalaci\u00f3ns da Escola de Pr\u00e1ctica Xur\u00eddica, as pr\u00f3ximas ser\u00e1n:<\/p>\n<p style=\"text-align: justify; padding-left: 90px;\">27 de agosto e 3 de setembro, \u00e1s 14:00 horas<\/p>\n<p style=\"text-align: justify; padding-left: 90px;\">O alumnado que desexe cursar este m\u00e1ster\u00a0pode atopar toda a informaci\u00f3n, adem\u00e1is de nesta p\u00e1xina (<a href=\"http:\/\/www.epxsantiago.org\/\" target=\"_blank\" data-saferedirecturl=\"https:\/\/www.google.com\/url?q=http:\/\/www.epxsantiago.org\/&amp;source=gmail&amp;ust=1564769751889000&amp;usg=AFQjCNH1Jq2mTnXblXDLHz6MDRkMYHxIxg\" rel=\"noopener noreferrer\">www.epxsantiago.org<\/a>) en:<\/p>\n<p style=\"text-align: justify; padding-left: 90px;\"><a href=\"http:\/\/www.usc.es\/masteres\/es\/masteres\/admision-criterios-especificos\" target=\"_blank\" data-saferedirecturl=\"https:\/\/www.google.com\/url?q=http:\/\/www.usc.es\/masteres\/es\/masteres\/admision-criterios-especificos&amp;source=gmail&amp;ust=1564769751889000&amp;usg=AFQjCNF1Ipj4RZBiiIvHf4XTTAWh4aLslA\" rel=\"noopener noreferrer\">http:\/\/www.usc.es\/masteres\/gl<\/a><a href=\"http:\/\/www.usc.es\/masteres\/gl\/masteres\/admision-criterios-especificos\" target=\"_blank\" data-saferedirecturl=\"https:\/\/www.google.com\/url?q=http:\/\/www.usc.es\/masteres\/gl\/masteres\/admision-criterios-especificos&amp;source=gmail&amp;ust=1564769751889000&amp;usg=AFQjCNHJNUE9iV46BYmmCM5_5461mFJPnw\" rel=\"noopener noreferrer\">\/<wbr \/>masteres\/admision-criterios-<wbr \/>especificos<\/a><\/p>\n<p style=\"text-align: justify; padding-left: 90px;\"><a href=\"http:\/\/www.usc.es\/masteres\/gl\/masteres\/ciencias-sociais-xuridicas\/avogacia-santiago\" target=\"_blank\" data-saferedirecturl=\"https:\/\/www.google.com\/url?q=http:\/\/www.usc.es\/masteres\/gl\/masteres\/ciencias-sociais-xuridicas\/avogacia-santiago&amp;source=gmail&amp;ust=1564769751889000&amp;usg=AFQjCNHSmyFTOT3w3cxJshz7oskVQU01Jw\" rel=\"noopener noreferrer\">http:\/\/www.usc.es\/masteres\/gl\/<wbr \/>masteres\/ciencias-sociais-<wbr \/>xuridicas\/avogacia-santiago<\/a><\/p>\n<p style=\"text-align: justify; padding-left: 90px;\"><a href=\"http:\/\/www.usc.es\/gl\/centros\/dereito\/titulacions.html?plan=14745&amp;estudio=14746&amp;codEstudio=14246&amp;valor=9&amp;orde=true&amp;ano=69\" target=\"_blank\" data-saferedirecturl=\"https:\/\/www.google.com\/url?q=http:\/\/www.usc.es\/gl\/centros\/dereito\/titulacions.html?plan%3D14745%26estudio%3D14746%26codEstudio%3D14246%26valor%3D9%26orde%3Dtrue%26ano%3D69&amp;source=gmail&amp;ust=1564769751889000&amp;usg=AFQjCNF26xnoy4cUNNjd88mAW1aznOF6WQ\" rel=\"noopener noreferrer\">http:\/\/www.usc.es\/es\/centros\/<wbr \/>dereito\/titulacions.html?plan=<wbr \/>14745&amp;estudio=14746&amp;<wbr \/>codEstudio=14246&amp;valor=9<\/a><\/p>\n<p>&nbsp;<\/p>\n<p>&nbsp;<\/p>\n<p>[\/et_pb_text][\/et_pb_column][\/et_pb_row][\/et_pb_section]<\/p>\n","protected":false},"excerpt":{"rendered":"<p>Prazas vacantes para matricularse no MUA de Santiago por orde de inscrici\u00f3n <\/p>\n","protected":false},"author":2,"featured_media":3514,"comment_status":"open","ping_status":"open","sticky":false,"template":"","format":"standard","meta":{"_et_pb_use_builder":"on","_et_pb_old_content":"","_et_gb_content_width":"","footnotes":""},"categories":[1],"tags":[],"class_list":["post-3511","post","type-post","status-publish","format-standard","has-post-thumbnail","hentry","category-sin-categoria"],"_links":{"self":[{"href":"https:\/\/epxsantiago.org\/index.php\/wp-json\/wp\/v2\/posts\/3511","targetHints":{"allow":["GET"]}}],"collection":[{"href":"https:\/\/epxsantiago.org\/index.php\/wp-json\/wp\/v2\/posts"}],"about":[{"href":"https:\/\/epxsantiago.org\/index.php\/wp-json\/wp\/v2\/types\/post"}],"author":[{"embeddable":true,"href":"https:\/\/epxsantiago.org\/index.php\/wp-json\/wp\/v2\/users\/2"}],"replies":[{"embeddable":true,"href":"https:\/\/epxsantiago.org\/index.php\/wp-json\/wp\/v2\/comments?post=3511"}],"version-history":[{"count":10,"href":"https:\/\/epxsantiago.org\/index.php\/wp-json\/wp\/v2\/posts\/3511\/revisions"}],"predecessor-version":[{"id":3671,"href":"https:\/\/epxsantiago.org\/index.php\/wp-json\/wp\/v2\/posts\/3511\/revisions\/3671"}],"wp:featuredmedia":[{"embeddable":true,"href":"https:\/\/epxsantiago.org\/index.php\/wp-json\/wp\/v2\/media\/3514"}],"wp:attachment":[{"href":"https:\/\/epxsantiago.org\/index.php\/wp-json\/wp\/v2\/media?parent=3511"}],"wp:term":[{"taxonomy":"category","embeddable":true,"href":"https:\/\/epxsantiago.org\/index.php\/wp-json\/wp\/v2\/categories?post=3511"},{"taxonomy":"post_tag","embeddable":true,"href":"https:\/\/epxsantiago.org\/index.php\/wp-json\/wp\/v2\/tags?post=3511"}],"curies":[{"name":"wp","href":"https:\/\/api.w.org\/{rel}","templated":true}]}}