{"id":3587,"date":"2019-12-29T09:29:17","date_gmt":"2019-12-29T09:29:17","guid":{"rendered":"http:\/\/epxsantiago.org\/?p=3587"},"modified":"2020-02-06T11:57:52","modified_gmt":"2020-02-06T11:57:52","slug":"probas-de-acceso-a-avogacia-2020","status":"publish","type":"post","link":"https:\/\/epxsantiago.org\/index.php\/archivos\/3587","title":{"rendered":"PROBAS DE ACCESO \u00c1 AVOGAC\u00cdA 2020"},"content":{"rendered":"<p style=\"text-align: justify;\"><strong>PRIMEIRA CONVOCATORIA PARA O EXAME DE ACCESO \u00c1 AVOGAC\u00cdA 2020<\/strong><\/p>\n<p style=\"text-align: justify;\">Inform\u00e1movos que onte <strong>s\u00e1bado 28 de diciembre<\/strong> saliu publicada\u00a0no <strong>BOE<\/strong>, a <strong>Orden PCI\/1261\/2019, de 26 de decembro, pola que se convoca a proba de avaliaci\u00f3n de aptitude profesional para o exercicio da profesi\u00f3n de Avogado\/a para o ano 2020<\/strong>.<\/p>\n<p style=\"text-align: justify;\">O prazo de presentaci\u00f3n de solicitudes de inscripci\u00f3n na avaliaci\u00f3n ser\u00e1 de <strong><u>quince d\u00edas h\u00e1biles<\/u>, contados a partir do d\u00eda seguinte ao de publicaci\u00f3n desta convocatoria<\/strong> no \u00abBolet\u00edn Oficial del Estado\u00bb. A non presentaci\u00f3n da solicitude de inscripci\u00f3n en tempo e forma ser\u00e1 causa de exclusi\u00f3n do aspirante.<\/p>\n<p style=\"text-align: justify;\">Tal como establece a convocatoria, de acordo coa normativa vixente en materia de obligatoriedade de relacionarse a trav\u00e9s de medios electr\u00f3nicos nas probas de avaliaci\u00f3n de aptitude profesional para o exercicio das profesions de Avogado\/a e Procurador\/a dos Tribunais, a solicitude de inscripci\u00f3n deber\u00e1 presentarse de forma telem\u00e1tica a trav\u00e9s da sede electr\u00f3nica do Ministerio de Xusticia (<a href=\"https:\/\/sede.mjusticia.gob.es\/\">https:\/\/sede.mjusticia.gob.es<\/a>), utilizando Cl@ve como sistema de identificaci\u00f3n electr\u00f3nica por parte dos aspirantes.<\/p>\n<p>&nbsp;<\/p>\n<p style=\"text-align: justify;\">Os sistemas de identificaci\u00f3n e de firma admitidos en Cl@ve son: DNI-e, certificado electr\u00f3nico, Cl@ve PIN e Cl@ve Permanente<\/p>\n<p style=\"text-align: justify;\"><strong>Convocatoria BOE:\u00a0<a href=\"https:\/\/www.boe.es\/diario_boe\/txt.php?id=BOE-A-2019-18661\">https:\/\/www.boe.es\/diario_boe\/txt.php?id=BOE-A-2019-18661<\/a><\/strong><\/p>\n<p>&nbsp;<\/p>\n<p>&nbsp;<\/p>\n<p>&nbsp;<\/p>\n","protected":false},"excerpt":{"rendered":"<p>Primeira convocatoria para o exame de acceso \u00e1 Avogac\u00eda 2020<\/p>\n","protected":false},"author":2,"featured_media":3623,"comment_status":"open","ping_status":"open","sticky":false,"template":"","format":"standard","meta":{"_et_pb_use_builder":"","_et_pb_old_content":"","_et_gb_content_width":"","footnotes":""},"categories":[1],"tags":[],"class_list":["post-3587","post","type-post","status-publish","format-standard","has-post-thumbnail","hentry","category-sin-categoria"],"_links":{"self":[{"href":"https:\/\/epxsantiago.org\/index.php\/wp-json\/wp\/v2\/posts\/3587","targetHints":{"allow":["GET"]}}],"collection":[{"href":"https:\/\/epxsantiago.org\/index.php\/wp-json\/wp\/v2\/posts"}],"about":[{"href":"https:\/\/epxsantiago.org\/index.php\/wp-json\/wp\/v2\/types\/post"}],"author":[{"embeddable":true,"href":"https:\/\/epxsantiago.org\/index.php\/wp-json\/wp\/v2\/users\/2"}],"replies":[{"embeddable":true,"href":"https:\/\/epxsantiago.org\/index.php\/wp-json\/wp\/v2\/comments?post=3587"}],"version-history":[{"count":3,"href":"https:\/\/epxsantiago.org\/index.php\/wp-json\/wp\/v2\/posts\/3587\/revisions"}],"predecessor-version":[{"id":3668,"href":"https:\/\/epxsantiago.org\/index.php\/wp-json\/wp\/v2\/posts\/3587\/revisions\/3668"}],"wp:featuredmedia":[{"embeddable":true,"href":"https:\/\/epxsantiago.org\/index.php\/wp-json\/wp\/v2\/media\/3623"}],"wp:attachment":[{"href":"https:\/\/epxsantiago.org\/index.php\/wp-json\/wp\/v2\/media?parent=3587"}],"wp:term":[{"taxonomy":"category","embeddable":true,"href":"https:\/\/epxsantiago.org\/index.php\/wp-json\/wp\/v2\/categories?post=3587"},{"taxonomy":"post_tag","embeddable":true,"href":"https:\/\/epxsantiago.org\/index.php\/wp-json\/wp\/v2\/tags?post=3587"}],"curies":[{"name":"wp","href":"https:\/\/api.w.org\/{rel}","templated":true}]}}