{"id":3649,"date":"2019-09-15T09:29:50","date_gmt":"2019-09-15T09:29:50","guid":{"rendered":"http:\/\/epxsantiago.org\/?p=3649"},"modified":"2020-02-06T11:56:50","modified_gmt":"2020-02-06T11:56:50","slug":"bases-para-a-nova-convocatoria-das-becas-catedra-da-mutualidade-para-o-curso-2019-2020","status":"publish","type":"post","link":"https:\/\/epxsantiago.org\/index.php\/archivos\/3649","title":{"rendered":"BASES PARA A NOVA CONVOCATORIA DAS BECAS C\u00c1TEDRA DA MUTUALIDADE PARA O CURSO 2019-2020"},"content":{"rendered":"<p style=\"text-align: justify;\">A Fundaci\u00f3n Mutualidade Avogac\u00eda convoca 150 becas tanto para aqueles letrados en pr\u00e1cticas que realicen o M\u00e1ster de Acceso \u00e1 Avogac\u00eda, como para aqueles licenciados ou graduados en Dereito que pretendan acceder \u00e1 profesi\u00f3n de avogado, durante o curso acad\u00e9mico 2019-2020, en calesquera das Escolas de Pr\u00e1ctica Xur\u00eddica ou Universidades e Centros que te\u00f1an firmado o correspondente Convenio coa Mutualidade.<\/p>\n<p style=\"text-align: justify;\">A dotaci\u00f3n destas becas ser\u00e1 do importe da matr\u00edcula do curso cun l\u00edmite de 2.000 euros, destin\u00e1ndose ao pago da mesma, abo\u00e1ndose directamente \u00e1 Escola ou Facultade correspondente ou ao beneficiario da mesma, sempre e cando neste \u00faltimo caso se xustifique previamente a matriculaci\u00f3n mediante certifiaci\u00f3n da Escola ou Facultade en cuesti\u00f3n.<\/p>\n<p style=\"text-align: justify;\">Estas axudas poder\u00e1n solicitarse cumplimentando os datos do formulario online de Solicitude de Beca para o M\u00e1ster de Acceso \u00e1 Avogac\u00eda para o pr\u00f3ximo curso acad\u00e9mico, tramit\u00e1ndoo a trav\u00e9s da p\u00e1xina Web da Fundaci\u00f3n a partir do 15 de setembro de 2019 con data l\u00edmite ata o 14 de novembro de 2019 \u00e1s 23.59 horas.<\/p>\n<p style=\"text-align: justify;\">Os criterios de selecci\u00f3n ser\u00e1n, pola seguinte orde, as calificaci\u00f3ns obtidas na universidade e a valoraci\u00f3n da memoria, os recursos econ\u00f3micos dos candidatos, e en caso de empate, valorarase positivamente que os pais sexan mutualistas.<\/p>\n<p><a href=\"http:\/\/fundacionmutualidadabogacia.org\/becas-catedra\/\">http:\/\/fundacionmutualidadabogacia.org\/becas-catedra\/<\/a><\/p>\n","protected":false},"excerpt":{"rendered":"<p>Alumnos do MUA de Santiago poden solicitar a beca a partir do 15 de setembro de 2019<\/p>\n","protected":false},"author":2,"featured_media":3650,"comment_status":"open","ping_status":"open","sticky":false,"template":"","format":"standard","meta":{"_et_pb_use_builder":"","_et_pb_old_content":"","_et_gb_content_width":"","footnotes":""},"categories":[1],"tags":[],"class_list":["post-3649","post","type-post","status-publish","format-standard","has-post-thumbnail","hentry","category-sin-categoria"],"_links":{"self":[{"href":"https:\/\/epxsantiago.org\/index.php\/wp-json\/wp\/v2\/posts\/3649","targetHints":{"allow":["GET"]}}],"collection":[{"href":"https:\/\/epxsantiago.org\/index.php\/wp-json\/wp\/v2\/posts"}],"about":[{"href":"https:\/\/epxsantiago.org\/index.php\/wp-json\/wp\/v2\/types\/post"}],"author":[{"embeddable":true,"href":"https:\/\/epxsantiago.org\/index.php\/wp-json\/wp\/v2\/users\/2"}],"replies":[{"embeddable":true,"href":"https:\/\/epxsantiago.org\/index.php\/wp-json\/wp\/v2\/comments?post=3649"}],"version-history":[{"count":4,"href":"https:\/\/epxsantiago.org\/index.php\/wp-json\/wp\/v2\/posts\/3649\/revisions"}],"predecessor-version":[{"id":3667,"href":"https:\/\/epxsantiago.org\/index.php\/wp-json\/wp\/v2\/posts\/3649\/revisions\/3667"}],"wp:featuredmedia":[{"embeddable":true,"href":"https:\/\/epxsantiago.org\/index.php\/wp-json\/wp\/v2\/media\/3650"}],"wp:attachment":[{"href":"https:\/\/epxsantiago.org\/index.php\/wp-json\/wp\/v2\/media?parent=3649"}],"wp:term":[{"taxonomy":"category","embeddable":true,"href":"https:\/\/epxsantiago.org\/index.php\/wp-json\/wp\/v2\/categories?post=3649"},{"taxonomy":"post_tag","embeddable":true,"href":"https:\/\/epxsantiago.org\/index.php\/wp-json\/wp\/v2\/tags?post=3649"}],"curies":[{"name":"wp","href":"https:\/\/api.w.org\/{rel}","templated":true}]}}