{"id":3654,"date":"2019-12-02T09:37:34","date_gmt":"2019-12-02T09:37:34","guid":{"rendered":"http:\/\/epxsantiago.org\/?p=3654"},"modified":"2020-02-06T11:52:59","modified_gmt":"2020-02-06T11:52:59","slug":"vii-premios-a-excelencia-catedra-mutualidade","status":"publish","type":"post","link":"https:\/\/epxsantiago.org\/index.php\/archivos\/3654","title":{"rendered":"VII PREMIOS \u00c1 EXCELENCIA C\u00c1TEDRA MUTUALIDADE"},"content":{"rendered":"<p style=\"text-align: justify;\">Desde o ano 2011 a Mutualidade da Avogac\u00eda creou estes premios coa intenci\u00f3n de apoiar, incentivar, reco\u00f1ecer e distinguir o esforzo e dedicaci\u00f3n daqueles x\u00f3venes licenciados e graduados en Dereito que demostren un extraordinario rendemento acad\u00e9mico.<\/p>\n<p style=\"text-align: justify;\">Nesta VII edici\u00f3n foron cinco brillantes abogados os que sa\u00edron elixidos polos seus traballos sobre tecnolox\u00eda e aVogac\u00eda entre trinta candidatos, todos eles destacando pola s\u00faa gran calidade.<\/p>\n<p style=\"text-align: justify;\">A propia Mutualidade da Avogac\u00eda fixo menci\u00f3n especial a dous antigos alumnos que cursaron o M\u00e1ster na Escola de Pr\u00e1ctica Xur\u00eddica de Santiago: <strong>Oscar Rodr\u00edguez<\/strong>, autor do traballo <em>El abogado ante la nueva prueba digital, <\/em>enfocado aos aspectos dixitais e tecnol\u00f3xicos, e a <strong>Daniel Ojea<\/strong>, quen se decantou por presentar un estudio da necesidade dun novo paradigma de xustiza e adaptaci\u00f3n da avogac\u00eda, titulado <em>Nuevas oportunidades.<\/em><\/p>\n<p style=\"text-align: justify;\">Estes dous x\u00f3venes recibir\u00e1n pola s\u00faa menci\u00f3n especial un premio en met\u00e1lico de 600 euros, ademais do abono das cuotas do sistema profesional da Mutualidade da Avogac\u00eda durante dous anos, as\u00ed como as cuotas de colexiaci\u00f3n obligatorias por un periodo dun ano.<\/p>\n","protected":false},"excerpt":{"rendered":"<p>Premiados dous antigos alumnos que cursaron o M\u00e1ster na Escola de Pr\u00e1ctica Xur\u00eddica de Santiago<\/p>\n","protected":false},"author":2,"featured_media":3653,"comment_status":"open","ping_status":"open","sticky":false,"template":"","format":"standard","meta":{"_et_pb_use_builder":"","_et_pb_old_content":"","_et_gb_content_width":"","footnotes":""},"categories":[1],"tags":[],"class_list":["post-3654","post","type-post","status-publish","format-standard","has-post-thumbnail","hentry","category-sin-categoria"],"_links":{"self":[{"href":"https:\/\/epxsantiago.org\/index.php\/wp-json\/wp\/v2\/posts\/3654","targetHints":{"allow":["GET"]}}],"collection":[{"href":"https:\/\/epxsantiago.org\/index.php\/wp-json\/wp\/v2\/posts"}],"about":[{"href":"https:\/\/epxsantiago.org\/index.php\/wp-json\/wp\/v2\/types\/post"}],"author":[{"embeddable":true,"href":"https:\/\/epxsantiago.org\/index.php\/wp-json\/wp\/v2\/users\/2"}],"replies":[{"embeddable":true,"href":"https:\/\/epxsantiago.org\/index.php\/wp-json\/wp\/v2\/comments?post=3654"}],"version-history":[{"count":3,"href":"https:\/\/epxsantiago.org\/index.php\/wp-json\/wp\/v2\/posts\/3654\/revisions"}],"predecessor-version":[{"id":3664,"href":"https:\/\/epxsantiago.org\/index.php\/wp-json\/wp\/v2\/posts\/3654\/revisions\/3664"}],"wp:featuredmedia":[{"embeddable":true,"href":"https:\/\/epxsantiago.org\/index.php\/wp-json\/wp\/v2\/media\/3653"}],"wp:attachment":[{"href":"https:\/\/epxsantiago.org\/index.php\/wp-json\/wp\/v2\/media?parent=3654"}],"wp:term":[{"taxonomy":"category","embeddable":true,"href":"https:\/\/epxsantiago.org\/index.php\/wp-json\/wp\/v2\/categories?post=3654"},{"taxonomy":"post_tag","embeddable":true,"href":"https:\/\/epxsantiago.org\/index.php\/wp-json\/wp\/v2\/tags?post=3654"}],"curies":[{"name":"wp","href":"https:\/\/api.w.org\/{rel}","templated":true}]}}