{"id":3846,"date":"2020-05-08T10:00:40","date_gmt":"2020-05-08T10:00:40","guid":{"rendered":"http:\/\/epxsantiago.org\/?p=3846"},"modified":"2020-05-12T15:18:59","modified_gmt":"2020-05-12T15:18:59","slug":"mua-2019-2020-novo-calendario-de-exames-e-novas-datas-de-presentacion-e-defensa-dos-tfms","status":"publish","type":"post","link":"https:\/\/epxsantiago.org\/index.php\/archivos\/3846","title":{"rendered":"MUA (2019\/2020): Novo calendario de ex\u00e1mes e novas datas de presentaci\u00f3n e defensa dos TFMs"},"content":{"rendered":"<div>\n<p style=\"text-align: left;\"><strong>A Comisi\u00f3n Acad\u00e9mica do MUA (2019\/2020) acordou modificar as datas de exames finais (1\u00ba e 2\u00aa oportunidade) das diferentes asignaturas do plan de estudos, as\u00ed como as datas de presentaci\u00f3n e defensa TFMs correspondentes \u00e1s convocatorias de xullo e setembro 2020, conforme ao Acordo do Consello de Goberno da USC. <\/strong><\/p>\n<p style=\"text-align: left;\">Segundo o Acordo do Consello de Goberno da USC do 22 de abril polo que se aproba o <em>R\u00e9xime Especial de Avaliaci\u00f3n do curso 2019\/2020 como consecuencia da suspensi\u00f3n da docencia presencial polo COVID19 \u00a0<\/em>e o acordo do 24 de abril <em>da Comisi\u00f3n acad\u00e9mica do MUA Santiago<\/em>, ponse en co\u00f1ecemento do alumnado do MUA (2019\/2029) a modificaci\u00f3n do calendario de exames inicialmente previsto para o curso 2019\/2020 e da modificaci\u00f3n das datas de defensa e presentaci\u00f3n de TFM das convocatorias de xullo e setembro 2020.<\/p>\n<p style=\"text-align: left;\">O novo calendario (exames e TFM) pode consultarse nesta p\u00e1xina web, na pestana M\u00e1ster en Avogac\u00eda, MUA 2018-2020, nos apartados calendario de exames e Traballo Fin de M\u00e1ster.<\/p>\n<\/div>\n<div><\/div>\n","protected":false},"excerpt":{"rendered":"<p>A Comisi\u00f3n Acad\u00e9mica do MUA (2019\/2020) acordou modificar as datas de exames finais (1\u00ba e 2\u00aa oportunidade) das diferentes asignaturas do plan de estudos, as\u00ed como as datas de presentaci\u00f3n e defensa TFMs correspondentes \u00e1s convocatorias de xullo e setembro 2020, conforme ao Acordo do Consello de Goberno da USC.<\/p>\n","protected":false},"author":1,"featured_media":3848,"comment_status":"open","ping_status":"open","sticky":false,"template":"","format":"standard","meta":{"_et_pb_use_builder":"","_et_pb_old_content":"","_et_gb_content_width":"","footnotes":""},"categories":[1],"tags":[],"class_list":["post-3846","post","type-post","status-publish","format-standard","has-post-thumbnail","hentry","category-sin-categoria"],"_links":{"self":[{"href":"https:\/\/epxsantiago.org\/index.php\/wp-json\/wp\/v2\/posts\/3846","targetHints":{"allow":["GET"]}}],"collection":[{"href":"https:\/\/epxsantiago.org\/index.php\/wp-json\/wp\/v2\/posts"}],"about":[{"href":"https:\/\/epxsantiago.org\/index.php\/wp-json\/wp\/v2\/types\/post"}],"author":[{"embeddable":true,"href":"https:\/\/epxsantiago.org\/index.php\/wp-json\/wp\/v2\/users\/1"}],"replies":[{"embeddable":true,"href":"https:\/\/epxsantiago.org\/index.php\/wp-json\/wp\/v2\/comments?post=3846"}],"version-history":[{"count":4,"href":"https:\/\/epxsantiago.org\/index.php\/wp-json\/wp\/v2\/posts\/3846\/revisions"}],"predecessor-version":[{"id":3894,"href":"https:\/\/epxsantiago.org\/index.php\/wp-json\/wp\/v2\/posts\/3846\/revisions\/3894"}],"wp:featuredmedia":[{"embeddable":true,"href":"https:\/\/epxsantiago.org\/index.php\/wp-json\/wp\/v2\/media\/3848"}],"wp:attachment":[{"href":"https:\/\/epxsantiago.org\/index.php\/wp-json\/wp\/v2\/media?parent=3846"}],"wp:term":[{"taxonomy":"category","embeddable":true,"href":"https:\/\/epxsantiago.org\/index.php\/wp-json\/wp\/v2\/categories?post=3846"},{"taxonomy":"post_tag","embeddable":true,"href":"https:\/\/epxsantiago.org\/index.php\/wp-json\/wp\/v2\/tags?post=3846"}],"curies":[{"name":"wp","href":"https:\/\/api.w.org\/{rel}","templated":true}]}}