{"id":4361,"date":"2020-09-22T10:08:21","date_gmt":"2020-09-22T10:08:21","guid":{"rendered":"http:\/\/epxsantiago.org\/?p=4361"},"modified":"2021-01-13T10:26:56","modified_gmt":"2021-01-13T10:26:56","slug":"inicio-do-curso-academico-2020-2021-viii-e-ix-promocion-do-mua","status":"publish","type":"post","link":"https:\/\/epxsantiago.org\/index.php\/archivos\/4361","title":{"rendered":"INICIO DO CURSO ACAD\u00c9MICO 2020\/2021 VIII E IX PROMOCI\u00d3N DO MUA"},"content":{"rendered":"<p>[et_pb_section fb_built=\u00bb1&#8243; _builder_version=\u00bb3.22&#8243;][et_pb_row _builder_version=\u00bb3.25&#8243; background_size=\u00bbinitial\u00bb background_position=\u00bbtop_left\u00bb background_repeat=\u00bbrepeat\u00bb][et_pb_column type=\u00bb4_4&#8243; _builder_version=\u00bb3.25&#8243; custom_padding=\u00bb|||\u00bb custom_padding__hover=\u00bb|||\u00bb][et_pb_text _builder_version=\u00bb4.1&#8243; background_size=\u00bbinitial\u00bb background_position=\u00bbtop_left\u00bb background_repeat=\u00bbrepeat\u00bb]<\/p>\n<p>O d\u00eda 21 de setembro de 2020 tivo lugar o comezo do curso acad\u00e9mico 2020\/2021 de forma presencial para os alumnos da IX Promoci\u00f3n do M\u00e1ster Universitario en Avogac\u00eda (2020\/2022) impartido pola USC e o ICA de Santiago, coa colaboraci\u00f3n da Escola de Pr\u00e1ctica Xur\u00eddica de Santiago de Compostela, nas instalaci\u00f3ns da EPX (situadas na Facultade de Dereito da USC).<\/p>\n<p>Os \u00f3rganos da Escola e do M\u00e1ster acordaron que o desenvolvemento da docencia fose con presencialidade para todo o alumnado, ao entender que esta era a forma que mellor garant\u00eda a calidade da formaci\u00f3n.<\/p>\n<p>Como consecuencia do COVID-19, o inicio de este curso estivo marcado por unhas fortes medidas de seguridade para preservar a sa\u00fade e seguridade do persoal docente e dos alumnos. Neste sentido, a Xerencia da USC en coordinaci\u00f3n coa direcci\u00f3n da Escola, levou a cabo importantes reformas de mellora en tres das aulas do centro, que permiten garantir as distancias de seguridade esixidas e o cumprimento da normativa de implantaci\u00f3n por unha docencia segura. Ademais, c\u00f3ntase ca utilizaci\u00f3n de medios e tecnolox\u00edas dixitais como apoio a docencia presencial para complementar a docencia impartida, como \u00e9 o caso da utilizaci\u00f3n da plataforma en li\u00f1a Microsoft Teams, para casos espec\u00edficos que non permitan a asistencia as aulas en ocasi\u00f3ns puntuais.<\/p>\n<p>Con todo isto, e grazas o gran desenvolvemento realizado p\u00f3dese garantir a docencia te\u00f3rico-pr\u00e1ctica conseguindo que se desenvolva con toda a normalidade que \u00e9 posible dadas as circunstancias actuais.<\/p>\n<p>Tam\u00e9n os\/as alumnos\/as do segundo ano (VIII Promoci\u00f3n), iniciaron o seu terceiro semestre o 21 de setembro, cursando as materias de pr\u00e1cticas externas en despachos de avogados I e II e TFM, grazas a colaboraci\u00f3n de m\u00e1is de 40 despachos de avogados do ICA Santiago que acollen o alumnado nas s\u00faas instalaci\u00f3ns, e realizando as titor\u00edas do TFM periodicamente nas renovadas instalaci\u00f3ns da Escola.<\/p>\n<p>\u200b<\/p>\n<p>[\/et_pb_text][\/et_pb_column][\/et_pb_row][\/et_pb_section]<\/p>\n","protected":false},"excerpt":{"rendered":"<p>O d\u00eda 21 de setembro de 2020 tivo lugar o comezo do curso acad\u00e9mico 2020\/2021 de forma presencial para os alumnos da VIII e IX Promoci\u00f3n do M\u00e1ster Universitario en Avogac\u00eda<\/p>\n","protected":false},"author":1,"featured_media":4382,"comment_status":"open","ping_status":"open","sticky":false,"template":"","format":"standard","meta":{"_et_pb_use_builder":"on","_et_pb_old_content":"<p><strong>11 de setembro de 2020: finalizaci\u00f3n do prazo para matricularse en \"continuaci\u00f3n de estudos\" MUA; Bolsas de colaboraci\u00f3n: solicitude inmediata.<\/strong><\/p><p><strong><em>MATRICULA:<\/em><\/strong> Os\/as alumnos\/ as que cursaron o primeiro ano do MUA durante o presente curso acad\u00e9mico 2019\/2020, poden matricularse no terceiro semestre (curso 2020\/2021) ata o 11 de setembro, mediante o sistema de matr\u00edcula en li\u00f1a directa. Para m\u00e1is informaci\u00f3n dirixirse \u00e1 conta de correo epjdir@usc.es ou ao n\u00famero de tel\u00e9fono 881814675.<\/p><p><em><strong>BOLSAS DE COLABORACI\u00d3N: <\/strong><\/em>Os\/as alumnos\/ as de \"continuaci\u00f3n de estudos\" que non estean pendentes de cursar ningunha materia de \"pr\u00e1cticas externas\" no mes de setembro, poden solicitar unha bolsa de colaboraci\u00f3n do ICA Santiago para realizar actividades durante o mes de setembro de 2020. Atenderase \u00e1 orde de solicitudes.<\/p>","_et_gb_content_width":"","footnotes":""},"categories":[1],"tags":[],"class_list":["post-4361","post","type-post","status-publish","format-standard","has-post-thumbnail","hentry","category-sin-categoria"],"_links":{"self":[{"href":"https:\/\/epxsantiago.org\/index.php\/wp-json\/wp\/v2\/posts\/4361","targetHints":{"allow":["GET"]}}],"collection":[{"href":"https:\/\/epxsantiago.org\/index.php\/wp-json\/wp\/v2\/posts"}],"about":[{"href":"https:\/\/epxsantiago.org\/index.php\/wp-json\/wp\/v2\/types\/post"}],"author":[{"embeddable":true,"href":"https:\/\/epxsantiago.org\/index.php\/wp-json\/wp\/v2\/users\/1"}],"replies":[{"embeddable":true,"href":"https:\/\/epxsantiago.org\/index.php\/wp-json\/wp\/v2\/comments?post=4361"}],"version-history":[{"count":5,"href":"https:\/\/epxsantiago.org\/index.php\/wp-json\/wp\/v2\/posts\/4361\/revisions"}],"predecessor-version":[{"id":4368,"href":"https:\/\/epxsantiago.org\/index.php\/wp-json\/wp\/v2\/posts\/4361\/revisions\/4368"}],"wp:featuredmedia":[{"embeddable":true,"href":"https:\/\/epxsantiago.org\/index.php\/wp-json\/wp\/v2\/media\/4382"}],"wp:attachment":[{"href":"https:\/\/epxsantiago.org\/index.php\/wp-json\/wp\/v2\/media?parent=4361"}],"wp:term":[{"taxonomy":"category","embeddable":true,"href":"https:\/\/epxsantiago.org\/index.php\/wp-json\/wp\/v2\/categories?post=4361"},{"taxonomy":"post_tag","embeddable":true,"href":"https:\/\/epxsantiago.org\/index.php\/wp-json\/wp\/v2\/tags?post=4361"}],"curies":[{"name":"wp","href":"https:\/\/api.w.org\/{rel}","templated":true}]}}