{"id":4721,"date":"2021-04-28T08:23:56","date_gmt":"2021-04-28T08:23:56","guid":{"rendered":"http:\/\/epxsantiago.org\/?p=4721"},"modified":"2021-05-20T13:36:13","modified_gmt":"2021-05-20T13:36:13","slug":"curso-de-especializacion-xuridica-galega","status":"publish","type":"post","link":"https:\/\/epxsantiago.org\/index.php\/archivos\/4721","title":{"rendered":"CURSO DE ESPECIALIZACI\u00d3N EN LINGUAXE XUR\u00cdDICA GALEGA"},"content":{"rendered":"<p>[et_pb_section fb_built=\u00bb1&#8243; _builder_version=\u00bb3.22&#8243;][et_pb_row _builder_version=\u00bb3.25&#8243; background_size=\u00bbinitial\u00bb background_position=\u00bbtop_left\u00bb background_repeat=\u00bbrepeat\u00bb][et_pb_column type=\u00bb4_4&#8243; _builder_version=\u00bb3.25&#8243; custom_padding=\u00bb|||\u00bb custom_padding__hover=\u00bb|||\u00bb][et_pb_text _builder_version=\u00bb4.1&#8243; background_size=\u00bbinitial\u00bb background_position=\u00bbtop_left\u00bb background_repeat=\u00bbrepeat\u00bb]<\/p>\n<p>O Colexio de Avogados de Santiago de Compostela (ICAS), en virtude do convenio asinado coa Xunta de Galicia en materia de normalizaci\u00f3n ling\u00fc\u00edstica, vai impartir en colaboraci\u00f3n coa Escola de Pr\u00e1ctica Xur\u00eddica un\u00a0<strong>curso de especializaci\u00f3n en linguaxe xur\u00eddica galega<\/strong>.<\/p>\n<p>Tr\u00e1tase dunha formaci\u00f3n transversal que ten como obxectivo dotar os profesionais da avogac\u00eda de competencias espec\u00edficas para a produci\u00f3n de textos de calidade. O curso conta cunha homologaci\u00f3n da Xunta de Galicia que o equipara ao curso medio de linguaxe xur\u00eddica para os efectos de valorar os co\u00f1ecementos en lingua galega nos procesos de promoci\u00f3n interna na Administraci\u00f3n.<\/p>\n<p>O curso de especializaci\u00f3n en linguaxe xur\u00eddica galega est\u00e1 dirixido ao alumnado do M\u00e1ster de Avogac\u00eda e colexiados\/as do ICAS, e conta con 20 prazas (10 para alumnado do M\u00e1ster e outras 10 para colexiados\/as do ICAS), que ser\u00e1n asignadas por rigorosa orde de recepci\u00f3n das solicitudes. Das 10 prazas reservadas para o alumnado do MUA Santiago, ter\u00e1 preferencia o alumnado da promoci\u00f3n 2020-2022 sobre o da promoci\u00f3n 2019-2021. Esta preferencia mantense s\u00f3 ata o d\u00eda 30 de abril.<\/p>\n<p>Todos os participantes poderanse inscribir ata o m\u00e9rcores 5 de maio \u00e1s 14.00 h, mediante unha solicitude dirixida ao correo electr\u00f3nico\u00a0<a href=\"mailto:linguista@icasantiago.org\">linguista@icasantiago.org<\/a>\u00a0 na que debe conter os seguintes requisitos: nome e apelidos, NIF, correo electr\u00f3nico e, de ser o caso, n\u00fam. de colexiaci\u00f3n. Como requisito de acceso para a inscrici\u00f3n neces\u00edtase acreditar o nivel de competencia en lingua galega do Celga 4 (certificaci\u00f3n de nivel ou validaci\u00f3n).<\/p>\n<p>Este curso ser\u00e1 impartido de forma telem\u00e1tica a trav\u00e9s da plataforma formativa Platega, dende o 10 de maio ao 11 de xullo. O programa est\u00e1 contido no anexo III da Orde do 13 de xu\u00f1o de 2011 (DOG n\u00fam. 121, do 24.06.2011). O curso impartido ser\u00e1 gratu\u00edto. E a s\u00faa finalizaci\u00f3n outorgarase un certificado, expedido conxuntamente pola Xunta de Galicia e polo ICAS.<\/p>\n<p>&nbsp;<\/p>\n<p>&nbsp;<\/p>\n<p>[\/et_pb_text][\/et_pb_column][\/et_pb_row][\/et_pb_section]<\/p>\n","protected":false},"excerpt":{"rendered":"<p>O Colexio de Avogados de Santiago de Compostela (ICAS), en virtude do convenio asinado coa Xunta de Galicia en materia de normalizaci\u00f3n ling\u00fc\u00edstica, vai impartir en colaboraci\u00f3n coa Escola de Pr\u00e1ctica Xur\u00eddica un curso de especializaci\u00f3n en linguaxe xur\u00eddica galega. <\/p>\n","protected":false},"author":2,"featured_media":4726,"comment_status":"open","ping_status":"open","sticky":false,"template":"","format":"standard","meta":{"_et_pb_use_builder":"on","_et_pb_old_content":"<p><strong>11 de setembro de 2020: finalizaci\u00f3n do prazo para matricularse en \"continuaci\u00f3n de estudos\" MUA; Bolsas de colaboraci\u00f3n: solicitude inmediata.<\/strong><\/p><p><strong><em>MATRICULA:<\/em><\/strong> Os\/as alumnos\/ as que cursaron o primeiro ano do MUA durante o presente curso acad\u00e9mico 2019\/2020, poden matricularse no terceiro semestre (curso 2020\/2021) ata o 11 de setembro, mediante o sistema de matr\u00edcula en li\u00f1a directa. Para m\u00e1is informaci\u00f3n dirixirse \u00e1 conta de correo epjdir@usc.es ou ao n\u00famero de tel\u00e9fono 881814675.<\/p><p><em><strong>BOLSAS DE COLABORACI\u00d3N: <\/strong><\/em>Os\/as alumnos\/ as de \"continuaci\u00f3n de estudos\" que non estean pendentes de cursar ningunha materia de \"pr\u00e1cticas externas\" no mes de setembro, poden solicitar unha bolsa de colaboraci\u00f3n do ICA Santiago para realizar actividades durante o mes de setembro de 2020. Atenderase \u00e1 orde de solicitudes.<\/p>","_et_gb_content_width":"","footnotes":""},"categories":[1],"tags":[],"class_list":["post-4721","post","type-post","status-publish","format-standard","has-post-thumbnail","hentry","category-sin-categoria"],"_links":{"self":[{"href":"https:\/\/epxsantiago.org\/index.php\/wp-json\/wp\/v2\/posts\/4721","targetHints":{"allow":["GET"]}}],"collection":[{"href":"https:\/\/epxsantiago.org\/index.php\/wp-json\/wp\/v2\/posts"}],"about":[{"href":"https:\/\/epxsantiago.org\/index.php\/wp-json\/wp\/v2\/types\/post"}],"author":[{"embeddable":true,"href":"https:\/\/epxsantiago.org\/index.php\/wp-json\/wp\/v2\/users\/2"}],"replies":[{"embeddable":true,"href":"https:\/\/epxsantiago.org\/index.php\/wp-json\/wp\/v2\/comments?post=4721"}],"version-history":[{"count":7,"href":"https:\/\/epxsantiago.org\/index.php\/wp-json\/wp\/v2\/posts\/4721\/revisions"}],"predecessor-version":[{"id":4758,"href":"https:\/\/epxsantiago.org\/index.php\/wp-json\/wp\/v2\/posts\/4721\/revisions\/4758"}],"wp:featuredmedia":[{"embeddable":true,"href":"https:\/\/epxsantiago.org\/index.php\/wp-json\/wp\/v2\/media\/4726"}],"wp:attachment":[{"href":"https:\/\/epxsantiago.org\/index.php\/wp-json\/wp\/v2\/media?parent=4721"}],"wp:term":[{"taxonomy":"category","embeddable":true,"href":"https:\/\/epxsantiago.org\/index.php\/wp-json\/wp\/v2\/categories?post=4721"},{"taxonomy":"post_tag","embeddable":true,"href":"https:\/\/epxsantiago.org\/index.php\/wp-json\/wp\/v2\/tags?post=4721"}],"curies":[{"name":"wp","href":"https:\/\/api.w.org\/{rel}","templated":true}]}}