{"id":6085,"date":"2023-02-17T18:18:16","date_gmt":"2023-02-17T18:18:16","guid":{"rendered":"http:\/\/epxsantiago.org\/?p=6085"},"modified":"2023-02-17T18:18:51","modified_gmt":"2023-02-17T18:18:51","slug":"mua-santiago-apertura-prazo-de-matricula-para-alumnado-estranxeiro-alleo-ao-eees-curso-2023-24","status":"publish","type":"post","link":"https:\/\/epxsantiago.org\/index.php\/archivos\/6085","title":{"rendered":"MUA Santiago &#8211; apertura prazo de matr\u00edcula para alumnado estranxeiro alleo ao EEES (Curso 2023\/24)"},"content":{"rendered":"<p>[et_pb_section fb_built=\u00bb1&#8243; _builder_version=\u00bb3.22&#8243;][et_pb_row _builder_version=\u00bb3.25&#8243; background_size=\u00bbinitial\u00bb background_position=\u00bbtop_left\u00bb background_repeat=\u00bbrepeat\u00bb][et_pb_column type=\u00bb4_4&#8243; _builder_version=\u00bb3.25&#8243; custom_padding=\u00bb|||\u00bb custom_padding__hover=\u00bb|||\u00bb][et_pb_text _builder_version=\u00bb4.1&#8243; background_size=\u00bbinitial\u00bb background_position=\u00bbtop_left\u00bb background_repeat=\u00bbrepeat\u00bb]<\/p>\n<div class=\"x_elementToProof\">\n<p>Con data 16 de febreiro publicouse no taboleiro da sede electr\u00f3nica a convocatoria anticipada de admisi\u00f3n a estudos de m\u00e1ster oficial para alumnado con titulaci\u00f3ns de acceso de sistemas alleos ao espazo europeo de educaci\u00f3n superior para o curso 2023-24.<\/p>\n<p>O m\u00e1ster Universitario en Avogac\u00eda (Santiago) oferta 5 prazas.<\/p>\n<p>As solicitudes de admisi\u00f3n poder\u00e1n realizarse a trav\u00e9s da secretar\u00eda virtual no prazo establecido entre o 20 de febreiro (10 horas) ata o 14 de abril (23:59 horas) de 2023. A admisi\u00f3n farase por orde de solicitude ata completar as prazas dispo\u00f1ibles.<\/p>\n<p>Anuncio taboleiro sede electr\u00f3nica da USC:\u00a0<a href=\"https:\/\/sede.usc.es\/sede\/publica\/taboleiro\/anuncio\/119864\/carga.htm\" data-auth=\"NotApplicable\" data-safelink=\"true\" data-linkindex=\"0\">https:\/\/sede.usc.es\/sede\/publica\/taboleiro\/anuncio\/119864\/carga.htm<\/a><\/p>\n<p>&nbsp;<\/p>\n<p>&nbsp;<\/p>\n<\/div>\n<div class=\"x_elementToProof\">\n<div>\u00a0<\/div>\n<div id=\"x_Signature\">\n<div>\n<div>\u00a0<\/div>\n<div>\u00a0<\/div>\n<div>\n<div>\u00a0<\/div>\n<\/div>\n<\/div>\n<\/div>\n<\/div>\n<p>[\/et_pb_text][\/et_pb_column][\/et_pb_row][\/et_pb_section]<\/p>\n","protected":false},"excerpt":{"rendered":"<p>Publicaci\u00f3n da convocatoria anticipada de admisi\u00f3n a estudos de m\u00e1ster oficial para o alumnado estranxeiro alleo ao EEES \u2013 5 prazas para o MUA Santiago (Curso 2023\/24) <\/p>\n","protected":false},"author":1,"featured_media":6087,"comment_status":"open","ping_status":"open","sticky":false,"template":"","format":"standard","meta":{"_et_pb_use_builder":"on","_et_pb_old_content":"<p><strong>11 de setembro de 2020: finalizaci\u00f3n do prazo para matricularse en \"continuaci\u00f3n de estudos\" MUA; Bolsas de colaboraci\u00f3n: solicitude inmediata.<\/strong><\/p><p><strong><em>MATRICULA:<\/em><\/strong> Os\/as alumnos\/ as que cursaron o primeiro ano do MUA durante o presente curso acad\u00e9mico 2019\/2020, poden matricularse no terceiro semestre (curso 2020\/2021) ata o 11 de setembro, mediante o sistema de matr\u00edcula en li\u00f1a directa. Para m\u00e1is informaci\u00f3n dirixirse \u00e1 conta de correo epjdir@usc.es ou ao n\u00famero de tel\u00e9fono 881814675.<\/p><p><em><strong>BOLSAS DE COLABORACI\u00d3N: <\/strong><\/em>Os\/as alumnos\/ as de \"continuaci\u00f3n de estudos\" que non estean pendentes de cursar ningunha materia de \"pr\u00e1cticas externas\" no mes de setembro, poden solicitar unha bolsa de colaboraci\u00f3n do ICA Santiago para realizar actividades durante o mes de setembro de 2020. Atenderase \u00e1 orde de solicitudes.<\/p>","_et_gb_content_width":"","footnotes":""},"categories":[1],"tags":[],"class_list":["post-6085","post","type-post","status-publish","format-standard","has-post-thumbnail","hentry","category-sin-categoria"],"_links":{"self":[{"href":"https:\/\/epxsantiago.org\/index.php\/wp-json\/wp\/v2\/posts\/6085","targetHints":{"allow":["GET"]}}],"collection":[{"href":"https:\/\/epxsantiago.org\/index.php\/wp-json\/wp\/v2\/posts"}],"about":[{"href":"https:\/\/epxsantiago.org\/index.php\/wp-json\/wp\/v2\/types\/post"}],"author":[{"embeddable":true,"href":"https:\/\/epxsantiago.org\/index.php\/wp-json\/wp\/v2\/users\/1"}],"replies":[{"embeddable":true,"href":"https:\/\/epxsantiago.org\/index.php\/wp-json\/wp\/v2\/comments?post=6085"}],"version-history":[{"count":5,"href":"https:\/\/epxsantiago.org\/index.php\/wp-json\/wp\/v2\/posts\/6085\/revisions"}],"predecessor-version":[{"id":6092,"href":"https:\/\/epxsantiago.org\/index.php\/wp-json\/wp\/v2\/posts\/6085\/revisions\/6092"}],"wp:featuredmedia":[{"embeddable":true,"href":"https:\/\/epxsantiago.org\/index.php\/wp-json\/wp\/v2\/media\/6087"}],"wp:attachment":[{"href":"https:\/\/epxsantiago.org\/index.php\/wp-json\/wp\/v2\/media?parent=6085"}],"wp:term":[{"taxonomy":"category","embeddable":true,"href":"https:\/\/epxsantiago.org\/index.php\/wp-json\/wp\/v2\/categories?post=6085"},{"taxonomy":"post_tag","embeddable":true,"href":"https:\/\/epxsantiago.org\/index.php\/wp-json\/wp\/v2\/tags?post=6085"}],"curies":[{"name":"wp","href":"https:\/\/api.w.org\/{rel}","templated":true}]}}